{"id":3686,"date":"2023-12-27T17:23:18","date_gmt":"2023-12-27T17:23:18","guid":{"rendered":"https:\/\/specialimo.com\/?p=3686"},"modified":"2024-03-29T18:11:51","modified_gmt":"2024-03-29T18:11:51","slug":"lisboa-descubra-as-atracoes-natalicias-imperdiveis","status":"publish","type":"post","link":"https:\/\/specialimo.com\/en\/2023\/12\/27\/lisboa-descubra-as-atracoes-natalicias-imperdiveis\/","title":{"rendered":"Lisbon: Discover the Unmissable Christmas Attractions"},"content":{"rendered":"<p><strong>Uncover the magic of Lisbon this holiday season<\/strong> with its unmissable attractions. With its twinkling lights, lavish decorations, and festive spirit, <strong>Portugal's capital<\/strong> gains a <strong>special charm during Christmas<\/strong>. Let yourself be enchanted by the city's historic and cozy streets, which come to life with warmth and excitement at this time of year.<\/p>\n\n\n\n<h2 class=\"wp-block-heading\"><strong>Christmas Traditions and Customs in Lisbon<\/strong><\/h2>\n\n\n\n<p><strong>Lisbon boasts a rich Christmas tradition<\/strong>, <strong>with unique customs and celebrations<\/strong>. One of the most popular traditions is the <strong>Nativity Scene<\/strong>, which depicts the birth of Jesus. Nativity scenes can be found in churches, squares, and even in private homes. Some are true works of art, with detailed miniatures depicting the scene of Jesus' birth.<\/p>\n\n\n\n<p>Another important tradition is the <strong>Midnight Mass<\/strong>, which takes place on the night of December 24th. It is a religious celebration that marks the beginning of the Christmas festivities. Churches are decorated for the occasion, and people gather to celebrate the birth of Jesus.<\/p>\n\n\n\n<p>Additionally, it is common for families to come together for a special dinner on Christmas Eve. Traditional dishes include codfish, roast turkey, cold cuts, and a variety of typical sweets, such as Bolo Rei (King Cake) and Sonhos (dreams).<\/p>\n\n\n\n<h2 class=\"wp-block-heading\"><strong>Unmissable Christmas Attractions in Lisbon<\/strong><\/h2>\n\n\n\n<h3 class=\"wp-block-heading\"><strong>1.&nbsp;&nbsp;&nbsp; <\/strong><strong>Christmas Markets and Shopping in Lisbon<\/strong><\/h3>\n\n\n\n<p><strong>Lisbon's hills.<\/strong> is renowned for its <strong>charming Christmas markets<\/strong> , where you can find a variety of handmade products and typical gastronomy. One of the most popular is the Christmas Market at Pra\u00e7a do Com\u00e9rcio, where you can discover unique gifts such as local crafts, jewelry, and leather goods. Additionally, there's a variety of food stalls offering traditional delights like roasted chestnuts and mulled wine.<\/p>\n\n\n\n<p>Another <strong>unmissable Christmas market<\/strong> is located at <strong>Jardim do Pr\u00edncipe Real<\/strong>. This market is known for its original and high-quality products, including clothing, accessories, decorations, and artisanal foods. It's a great place to find special gifts for your loved ones.<\/p>\n\n\n\n<h3 class=\"wp-block-heading\"><strong>2.&nbsp;&nbsp;&nbsp; <\/strong><strong>Festive Events and Concerts in Lisbon<\/strong><\/h3>\n\n\n\n<p><strong>During the<\/strong> <strong>Christmas season, Lisbon offers a variety of festive events<\/strong> and concerts that celebrate the time of year. One of the most popular events is the <strong>Christmas concert at the Church of S\u00e3o Roque<\/strong>, featuring Christmas music performed by local and international artists. The church is beautifully decorated, and the atmosphere is magical.<\/p>\n\n\n\n<p>Another unmissable event is the <strong>Christmas Parade<\/strong>, <strong>that takes place on the streets of downtown Lisbon<\/strong>. The parade features floats, bands, and dance groups that parade through the streets, spreading joy and excitement. It's a fun experience for the whole family.<\/p>\n\n\n\n<h3 class=\"wp-block-heading\"><strong>3.&nbsp;&nbsp;&nbsp; <\/strong><strong>Marvel at the Enchanting Christmas Lights<\/strong><\/h3>\n\n\n\n<p><strong>Lisbon comes to life during Christmas with its dazzling lights<\/strong>. One of the most famous areas is <strong>Avenida da Liberdade<\/strong>, which is adorned with a plethora of colorful lights that form stunning figures and patterns. It's a true visual spectacle, and a stroll down the avenue at night is a magical experience.<\/p>\n\n\n\n<p>Another area worth visiting is <strong>Chiado<\/strong>, where narrow streets are illuminated by golden lights, creating a cozy and romantic atmosphere. It's a great place for shopping, dining, or simply strolling and appreciating the lights.<\/p>\n\n\n\n<h3 class=\"wp-block-heading\"><strong>4.&nbsp;&nbsp;&nbsp; <\/strong><strong>Delicious Christmas Foods and Drinks in Lisbon<\/strong><\/h3>\n\n\n\n<p><strong>Christmas gastronomy in Lisbon is a true feast for the senses<\/strong>. During the holiday season <strong>Natal<\/strong>, it's common to find traditional dishes in restaurants and markets throughout the city. Codfish is a typical dish and is served in various ways, such as roasted, boiled, or in the form of cakes.<\/p>\n\n\n\n<p>Another <strong>Christmas delight is Bolo Rei<\/strong>, a traditional cake decorated with crystallized fruits and powdered sugar. It's a delicious treat consumed throughout the <strong>Christmas season<\/strong>. Additionally, <strong>Sonhos<\/strong> are another <strong>typical Christmas delicacy<\/strong>, which are small balls of fried dough covered with sugar and cinnamon.<\/p>\n\n\n\n<h3 class=\"wp-block-heading\"><strong>5.&nbsp;&nbsp;&nbsp; <\/strong><strong>Tips for Visiting Lisbon During the Christmas Season<\/strong><\/h3>\n\n\n\n<p><strong>To make the most of your visit to Lisbon <\/strong>during this time, here are some useful tips:<\/p>\n\n\n\n<ul class=\"wp-block-list\">\n<li>Dress warmly: <strong>Lisbon can get cold during the winter<\/strong>so remember to dress appropriately to enjoy outdoor activities.<\/li>\n\n\n\n<li>Plan ahead: Check the opening hours of markets, events, and attractions to ensure you can make the most of your visit.<\/li>\n\n\n\n<li>Try the local cuisine: <strong>Don't miss out on tasting traditional Christmas dishes<\/strong>, such as codfish and Bolo Rei.<\/li>\n\n\n\n<li>Book accommodations in advance: During the <strong>Christmas season<\/strong>, there may be high demand for accommodations, so it's recommended to book in advance to secure the best place to stay.<\/li>\n<\/ul>\n\n\n\n<h2 class=\"wp-block-heading\"><strong>Embracing the Magic of Christmas in Lisbon<\/strong><\/h2>\n\n\n\n<p><strong>Lisbon transforms into a magical place during Christmas<\/strong>, with its dazzling lights, enchanting markets, and lively festivities. <strong>When visiting the capital of Portugal during this time of year<\/strong>, you'll have the opportunity to <strong>experience the city's unique traditions and customs<\/strong> , as well as enjoy the special attractions that make <strong>Lisbon even more charming during Christmas<\/strong>Don't miss the chance to explore the city, taste the delicious Christmas cuisine, and be enchanted by the festive atmosphere<strong>. Embark on this journey and discover the magic of Christmas in Lisbon.<\/strong><\/p>","protected":false},"excerpt":{"rendered":"<p>Descubra a magia de Lisboa nesta temporada de Natal com suas atra\u00e7\u00f5es imperd\u00edveis. Com as suas luzes cintilantes, decora\u00e7\u00f5es exuberantes e esp\u00edrito festivo, a capital de Portugal ganha um charme especial, durante o Natal. Deixe-se encantar pelas ruas hist\u00f3ricas e aconchegantes da cidade, que se enchem de vida e anima\u00e7\u00e3o nesta \u00e9poca do ano. Tradi\u00e7\u00f5es [&hellip;]<\/p>","protected":false},"author":1,"featured_media":3687,"comment_status":"open","ping_status":"open","sticky":false,"template":"","format":"standard","meta":{"_eb_attr":"","ocean_post_layout":"","ocean_both_sidebars_style":"","ocean_both_sidebars_content_width":0,"ocean_both_sidebars_sidebars_width":0,"ocean_sidebar":"","ocean_second_sidebar":"","ocean_disable_margins":"enable","ocean_add_body_class":"","ocean_shortcode_before_top_bar":"","ocean_shortcode_after_top_bar":"","ocean_shortcode_before_header":"","ocean_shortcode_after_header":"","ocean_has_shortcode":"","ocean_shortcode_after_title":"","ocean_shortcode_before_footer_widgets":"","ocean_shortcode_after_footer_widgets":"","ocean_shortcode_before_footer_bottom":"","ocean_shortcode_after_footer_bottom":"","ocean_display_top_bar":"default","ocean_display_header":"default","ocean_header_style":"","ocean_center_header_left_menu":"","ocean_custom_header_template":"","ocean_custom_logo":0,"ocean_custom_retina_logo":0,"ocean_custom_logo_max_width":0,"ocean_custom_logo_tablet_max_width":0,"ocean_custom_logo_mobile_max_width":0,"ocean_custom_logo_max_height":0,"ocean_custom_logo_tablet_max_height":0,"ocean_custom_logo_mobile_max_height":0,"ocean_header_custom_menu":"","ocean_menu_typo_font_family":"","ocean_menu_typo_font_subset":"","ocean_menu_typo_font_size":0,"ocean_menu_typo_font_size_tablet":0,"ocean_menu_typo_font_size_mobile":0,"ocean_menu_typo_font_size_unit":"px","ocean_menu_typo_font_weight":"","ocean_menu_typo_font_weight_tablet":"","ocean_menu_typo_font_weight_mobile":"","ocean_menu_typo_transform":"","ocean_menu_typo_transform_tablet":"","ocean_menu_typo_transform_mobile":"","ocean_menu_typo_line_height":0,"ocean_menu_typo_line_height_tablet":0,"ocean_menu_typo_line_height_mobile":0,"ocean_menu_typo_line_height_unit":"","ocean_menu_typo_spacing":0,"ocean_menu_typo_spacing_tablet":0,"ocean_menu_typo_spacing_mobile":0,"ocean_menu_typo_spacing_unit":"","ocean_menu_link_color":"","ocean_menu_link_color_hover":"","ocean_menu_link_color_active":"","ocean_menu_link_background":"","ocean_menu_link_hover_background":"","ocean_menu_link_active_background":"","ocean_menu_social_links_bg":"","ocean_menu_social_hover_links_bg":"","ocean_menu_social_links_color":"","ocean_menu_social_hover_links_color":"","ocean_disable_title":"default","ocean_disable_heading":"default","ocean_post_title":"","ocean_post_subheading":"","ocean_post_title_style":"","ocean_post_title_background_color":"","ocean_post_title_background":0,"ocean_post_title_bg_image_position":"","ocean_post_title_bg_image_attachment":"","ocean_post_title_bg_image_repeat":"","ocean_post_title_bg_image_size":"","ocean_post_title_height":0,"ocean_post_title_bg_overlay":0.5,"ocean_post_title_bg_overlay_color":"","ocean_disable_breadcrumbs":"default","ocean_breadcrumbs_color":"","ocean_breadcrumbs_separator_color":"","ocean_breadcrumbs_links_color":"","ocean_breadcrumbs_links_hover_color":"","ocean_display_footer_widgets":"default","ocean_display_footer_bottom":"default","ocean_custom_footer_template":"","_joinchat":[],"ocean_post_oembed":"","ocean_post_self_hosted_media":"","ocean_post_video_embed":"","ocean_link_format":"","ocean_link_format_target":"self","ocean_quote_format":"","ocean_quote_format_link":"post","ocean_gallery_link_images":"on","ocean_gallery_id":[],"footnotes":""},"categories":[14],"tags":[],"class_list":["post-3686","post","type-post","status-publish","format-standard","has-post-thumbnail","hentry","category-lisboa","entry","has-media"],"yoast_head":"<!-- This site is optimized with the Yoast SEO plugin v27.4 - https:\/\/yoast.com\/product\/yoast-seo-wordpress\/ -->\n<title>Lisboa: Descubra as atra\u00e7\u00f5es natal\u00edcias imperd\u00edveis - Aluguer de carros e van com motorista - Specialimo<\/title>\n<meta name=\"robots\" content=\"index, follow, max-snippet:-1, max-image-preview:large, max-video-preview:-1\" \/>\n<link rel=\"canonical\" href=\"https:\/\/specialimo.com\/en\/2023\/12\/27\/lisboa-descubra-as-atracoes-natalicias-imperdiveis\/\" \/>\n<meta property=\"og:locale\" content=\"en_US\" \/>\n<meta property=\"og:type\" content=\"article\" \/>\n<meta property=\"og:title\" content=\"Lisboa: Descubra as atra\u00e7\u00f5es natal\u00edcias imperd\u00edveis - Aluguer de carros e van com motorista - Specialimo\" \/>\n<meta property=\"og:description\" content=\"Descubra a magia de Lisboa nesta temporada de Natal com suas atra\u00e7\u00f5es imperd\u00edveis. Com as suas luzes cintilantes, decora\u00e7\u00f5es exuberantes e esp\u00edrito festivo, a capital de Portugal ganha um charme especial, durante o Natal. Deixe-se encantar pelas ruas hist\u00f3ricas e aconchegantes da cidade, que se enchem de vida e anima\u00e7\u00e3o nesta \u00e9poca do ano. Tradi\u00e7\u00f5es [&hellip;]\" \/>\n<meta property=\"og:url\" content=\"https:\/\/specialimo.com\/en\/2023\/12\/27\/lisboa-descubra-as-atracoes-natalicias-imperdiveis\/\" \/>\n<meta property=\"og:site_name\" content=\"Aluguer de carros e van com motorista - Specialimo\" \/>\n<meta property=\"article:published_time\" content=\"2023-12-27T17:23:18+00:00\" \/>\n<meta property=\"article:modified_time\" content=\"2024-03-29T18:11:51+00:00\" \/>\n<meta property=\"og:image\" content=\"https:\/\/specialimo.com\/wp-content\/uploads\/2023\/12\/Lisboa_Descubra_As_Atracoes_Natalicias_Imperdiveis.jpeg\" \/>\n\t<meta property=\"og:image:width\" content=\"1000\" \/>\n\t<meta property=\"og:image:height\" content=\"500\" \/>\n\t<meta property=\"og:image:type\" content=\"image\/jpeg\" \/>\n<meta name=\"author\" content=\"adminspc\" \/>\n<meta name=\"twitter:card\" content=\"summary_large_image\" \/>\n<meta name=\"twitter:label1\" content=\"Written by\" \/>\n\t<meta name=\"twitter:data1\" content=\"adminspc\" \/>\n\t<meta name=\"twitter:label2\" content=\"Est. reading time\" \/>\n\t<meta name=\"twitter:data2\" content=\"5 minutes\" \/>\n<script type=\"application\/ld+json\" class=\"yoast-schema-graph\">{\"@context\":\"https:\\\/\\\/schema.org\",\"@graph\":[{\"@type\":\"Article\",\"@id\":\"https:\\\/\\\/specialimo.com\\\/2023\\\/12\\\/27\\\/lisboa-descubra-as-atracoes-natalicias-imperdiveis\\\/#article\",\"isPartOf\":{\"@id\":\"https:\\\/\\\/specialimo.com\\\/2023\\\/12\\\/27\\\/lisboa-descubra-as-atracoes-natalicias-imperdiveis\\\/\"},\"author\":{\"name\":\"adminspc\",\"@id\":\"https:\\\/\\\/specialimo.com\\\/#\\\/schema\\\/person\\\/ccddb6a0a6a9474417418b9019aa96f4\"},\"headline\":\"Lisboa: Descubra as atra\u00e7\u00f5es natal\u00edcias imperd\u00edveis\",\"datePublished\":\"2023-12-27T17:23:18+00:00\",\"dateModified\":\"2024-03-29T18:11:51+00:00\",\"mainEntityOfPage\":{\"@id\":\"https:\\\/\\\/specialimo.com\\\/2023\\\/12\\\/27\\\/lisboa-descubra-as-atracoes-natalicias-imperdiveis\\\/\"},\"wordCount\":921,\"commentCount\":0,\"publisher\":{\"@id\":\"https:\\\/\\\/specialimo.com\\\/#organization\"},\"image\":{\"@id\":\"https:\\\/\\\/specialimo.com\\\/2023\\\/12\\\/27\\\/lisboa-descubra-as-atracoes-natalicias-imperdiveis\\\/#primaryimage\"},\"thumbnailUrl\":\"https:\\\/\\\/specialimo.com\\\/wp-content\\\/uploads\\\/2023\\\/12\\\/Lisboa_Descubra_As_Atracoes_Natalicias_Imperdiveis.jpeg\",\"articleSection\":[\"Lisboa\"],\"inLanguage\":\"en-US\",\"potentialAction\":[{\"@type\":\"CommentAction\",\"name\":\"Comment\",\"target\":[\"https:\\\/\\\/specialimo.com\\\/2023\\\/12\\\/27\\\/lisboa-descubra-as-atracoes-natalicias-imperdiveis\\\/#respond\"]}]},{\"@type\":\"WebPage\",\"@id\":\"https:\\\/\\\/specialimo.com\\\/2023\\\/12\\\/27\\\/lisboa-descubra-as-atracoes-natalicias-imperdiveis\\\/\",\"url\":\"https:\\\/\\\/specialimo.com\\\/2023\\\/12\\\/27\\\/lisboa-descubra-as-atracoes-natalicias-imperdiveis\\\/\",\"name\":\"Lisboa: Descubra as atra\u00e7\u00f5es natal\u00edcias imperd\u00edveis - Aluguer de carros e van com motorista - Specialimo\",\"isPartOf\":{\"@id\":\"https:\\\/\\\/specialimo.com\\\/#website\"},\"primaryImageOfPage\":{\"@id\":\"https:\\\/\\\/specialimo.com\\\/2023\\\/12\\\/27\\\/lisboa-descubra-as-atracoes-natalicias-imperdiveis\\\/#primaryimage\"},\"image\":{\"@id\":\"https:\\\/\\\/specialimo.com\\\/2023\\\/12\\\/27\\\/lisboa-descubra-as-atracoes-natalicias-imperdiveis\\\/#primaryimage\"},\"thumbnailUrl\":\"https:\\\/\\\/specialimo.com\\\/wp-content\\\/uploads\\\/2023\\\/12\\\/Lisboa_Descubra_As_Atracoes_Natalicias_Imperdiveis.jpeg\",\"datePublished\":\"2023-12-27T17:23:18+00:00\",\"dateModified\":\"2024-03-29T18:11:51+00:00\",\"breadcrumb\":{\"@id\":\"https:\\\/\\\/specialimo.com\\\/2023\\\/12\\\/27\\\/lisboa-descubra-as-atracoes-natalicias-imperdiveis\\\/#breadcrumb\"},\"inLanguage\":\"en-US\",\"potentialAction\":[{\"@type\":\"ReadAction\",\"target\":[\"https:\\\/\\\/specialimo.com\\\/2023\\\/12\\\/27\\\/lisboa-descubra-as-atracoes-natalicias-imperdiveis\\\/\"]}]},{\"@type\":\"ImageObject\",\"inLanguage\":\"en-US\",\"@id\":\"https:\\\/\\\/specialimo.com\\\/2023\\\/12\\\/27\\\/lisboa-descubra-as-atracoes-natalicias-imperdiveis\\\/#primaryimage\",\"url\":\"https:\\\/\\\/specialimo.com\\\/wp-content\\\/uploads\\\/2023\\\/12\\\/Lisboa_Descubra_As_Atracoes_Natalicias_Imperdiveis.jpeg\",\"contentUrl\":\"https:\\\/\\\/specialimo.com\\\/wp-content\\\/uploads\\\/2023\\\/12\\\/Lisboa_Descubra_As_Atracoes_Natalicias_Imperdiveis.jpeg\",\"width\":1000,\"height\":500},{\"@type\":\"BreadcrumbList\",\"@id\":\"https:\\\/\\\/specialimo.com\\\/2023\\\/12\\\/27\\\/lisboa-descubra-as-atracoes-natalicias-imperdiveis\\\/#breadcrumb\",\"itemListElement\":[{\"@type\":\"ListItem\",\"position\":1,\"name\":\"In\u00edcio\",\"item\":\"https:\\\/\\\/specialimo.com\\\/\"},{\"@type\":\"ListItem\",\"position\":2,\"name\":\"Lisboa: Descubra as atra\u00e7\u00f5es natal\u00edcias imperd\u00edveis\"}]},{\"@type\":\"WebSite\",\"@id\":\"https:\\\/\\\/specialimo.com\\\/#website\",\"url\":\"https:\\\/\\\/specialimo.com\\\/\",\"name\":\"Aluguer de carros e van com motorista - Specialimo\",\"description\":\" Aluguer de carros, van, minibus e autocarro com motorista\",\"publisher\":{\"@id\":\"https:\\\/\\\/specialimo.com\\\/#organization\"},\"potentialAction\":[{\"@type\":\"SearchAction\",\"target\":{\"@type\":\"EntryPoint\",\"urlTemplate\":\"https:\\\/\\\/specialimo.com\\\/?s={search_term_string}\"},\"query-input\":{\"@type\":\"PropertyValueSpecification\",\"valueRequired\":true,\"valueName\":\"search_term_string\"}}],\"inLanguage\":\"en-US\"},{\"@type\":\"Organization\",\"@id\":\"https:\\\/\\\/specialimo.com\\\/#organization\",\"name\":\"Aluguer de carros e van com motorista - Specialimo\",\"url\":\"https:\\\/\\\/specialimo.com\\\/\",\"logo\":{\"@type\":\"ImageObject\",\"inLanguage\":\"en-US\",\"@id\":\"https:\\\/\\\/specialimo.com\\\/#\\\/schema\\\/logo\\\/image\\\/\",\"url\":\"https:\\\/\\\/specialimo.com\\\/wp-content\\\/uploads\\\/2023\\\/10\\\/logo.png\",\"contentUrl\":\"https:\\\/\\\/specialimo.com\\\/wp-content\\\/uploads\\\/2023\\\/10\\\/logo.png\",\"width\":422,\"height\":165,\"caption\":\"Aluguer de carros e van com motorista - Specialimo\"},\"image\":{\"@id\":\"https:\\\/\\\/specialimo.com\\\/#\\\/schema\\\/logo\\\/image\\\/\"}},{\"@type\":\"Person\",\"@id\":\"https:\\\/\\\/specialimo.com\\\/#\\\/schema\\\/person\\\/ccddb6a0a6a9474417418b9019aa96f4\",\"name\":\"adminspc\",\"image\":{\"@type\":\"ImageObject\",\"inLanguage\":\"en-US\",\"@id\":\"https:\\\/\\\/secure.gravatar.com\\\/avatar\\\/9fbc8ff784e4e02a67c011ca8fdb1c8b13303bc2fc7a62d4cf327bee4cbf7d64?s=96&d=mm&r=g\",\"url\":\"https:\\\/\\\/secure.gravatar.com\\\/avatar\\\/9fbc8ff784e4e02a67c011ca8fdb1c8b13303bc2fc7a62d4cf327bee4cbf7d64?s=96&d=mm&r=g\",\"contentUrl\":\"https:\\\/\\\/secure.gravatar.com\\\/avatar\\\/9fbc8ff784e4e02a67c011ca8fdb1c8b13303bc2fc7a62d4cf327bee4cbf7d64?s=96&d=mm&r=g\",\"caption\":\"adminspc\"},\"sameAs\":[\"https:\\\/\\\/specialimo.codetec.pt\"],\"url\":\"https:\\\/\\\/specialimo.com\\\/en\\\/author\\\/adminspc\\\/\"}]}<\/script>\n<!-- \/ Yoast SEO plugin. -->","yoast_head_json":{"title":"Lisboa: Descubra as atra\u00e7\u00f5es natal\u00edcias imperd\u00edveis - Aluguer de carros e van com motorista - Specialimo","robots":{"index":"index","follow":"follow","max-snippet":"max-snippet:-1","max-image-preview":"max-image-preview:large","max-video-preview":"max-video-preview:-1"},"canonical":"https:\/\/specialimo.com\/en\/2023\/12\/27\/lisboa-descubra-as-atracoes-natalicias-imperdiveis\/","og_locale":"en_US","og_type":"article","og_title":"Lisboa: Descubra as atra\u00e7\u00f5es natal\u00edcias imperd\u00edveis - Aluguer de carros e van com motorista - Specialimo","og_description":"Descubra a magia de Lisboa nesta temporada de Natal com suas atra\u00e7\u00f5es imperd\u00edveis. Com as suas luzes cintilantes, decora\u00e7\u00f5es exuberantes e esp\u00edrito festivo, a capital de Portugal ganha um charme especial, durante o Natal. Deixe-se encantar pelas ruas hist\u00f3ricas e aconchegantes da cidade, que se enchem de vida e anima\u00e7\u00e3o nesta \u00e9poca do ano. Tradi\u00e7\u00f5es [&hellip;]","og_url":"https:\/\/specialimo.com\/en\/2023\/12\/27\/lisboa-descubra-as-atracoes-natalicias-imperdiveis\/","og_site_name":"Aluguer de carros e van com motorista - Specialimo","article_published_time":"2023-12-27T17:23:18+00:00","article_modified_time":"2024-03-29T18:11:51+00:00","og_image":[{"width":1000,"height":500,"url":"https:\/\/specialimo.com\/wp-content\/uploads\/2023\/12\/Lisboa_Descubra_As_Atracoes_Natalicias_Imperdiveis.jpeg","type":"image\/jpeg"}],"author":"adminspc","twitter_card":"summary_large_image","twitter_misc":{"Written by":"adminspc","Est. reading time":"5 minutes"},"schema":{"@context":"https:\/\/schema.org","@graph":[{"@type":"Article","@id":"https:\/\/specialimo.com\/2023\/12\/27\/lisboa-descubra-as-atracoes-natalicias-imperdiveis\/#article","isPartOf":{"@id":"https:\/\/specialimo.com\/2023\/12\/27\/lisboa-descubra-as-atracoes-natalicias-imperdiveis\/"},"author":{"name":"adminspc","@id":"https:\/\/specialimo.com\/#\/schema\/person\/ccddb6a0a6a9474417418b9019aa96f4"},"headline":"Lisboa: Descubra as atra\u00e7\u00f5es natal\u00edcias imperd\u00edveis","datePublished":"2023-12-27T17:23:18+00:00","dateModified":"2024-03-29T18:11:51+00:00","mainEntityOfPage":{"@id":"https:\/\/specialimo.com\/2023\/12\/27\/lisboa-descubra-as-atracoes-natalicias-imperdiveis\/"},"wordCount":921,"commentCount":0,"publisher":{"@id":"https:\/\/specialimo.com\/#organization"},"image":{"@id":"https:\/\/specialimo.com\/2023\/12\/27\/lisboa-descubra-as-atracoes-natalicias-imperdiveis\/#primaryimage"},"thumbnailUrl":"https:\/\/specialimo.com\/wp-content\/uploads\/2023\/12\/Lisboa_Descubra_As_Atracoes_Natalicias_Imperdiveis.jpeg","articleSection":["Lisboa"],"inLanguage":"en-US","potentialAction":[{"@type":"CommentAction","name":"Comment","target":["https:\/\/specialimo.com\/2023\/12\/27\/lisboa-descubra-as-atracoes-natalicias-imperdiveis\/#respond"]}]},{"@type":"WebPage","@id":"https:\/\/specialimo.com\/2023\/12\/27\/lisboa-descubra-as-atracoes-natalicias-imperdiveis\/","url":"https:\/\/specialimo.com\/2023\/12\/27\/lisboa-descubra-as-atracoes-natalicias-imperdiveis\/","name":"Lisboa: Descubra as atra\u00e7\u00f5es natal\u00edcias imperd\u00edveis - Aluguer de carros e van com motorista - Specialimo","isPartOf":{"@id":"https:\/\/specialimo.com\/#website"},"primaryImageOfPage":{"@id":"https:\/\/specialimo.com\/2023\/12\/27\/lisboa-descubra-as-atracoes-natalicias-imperdiveis\/#primaryimage"},"image":{"@id":"https:\/\/specialimo.com\/2023\/12\/27\/lisboa-descubra-as-atracoes-natalicias-imperdiveis\/#primaryimage"},"thumbnailUrl":"https:\/\/specialimo.com\/wp-content\/uploads\/2023\/12\/Lisboa_Descubra_As_Atracoes_Natalicias_Imperdiveis.jpeg","datePublished":"2023-12-27T17:23:18+00:00","dateModified":"2024-03-29T18:11:51+00:00","breadcrumb":{"@id":"https:\/\/specialimo.com\/2023\/12\/27\/lisboa-descubra-as-atracoes-natalicias-imperdiveis\/#breadcrumb"},"inLanguage":"en-US","potentialAction":[{"@type":"ReadAction","target":["https:\/\/specialimo.com\/2023\/12\/27\/lisboa-descubra-as-atracoes-natalicias-imperdiveis\/"]}]},{"@type":"ImageObject","inLanguage":"en-US","@id":"https:\/\/specialimo.com\/2023\/12\/27\/lisboa-descubra-as-atracoes-natalicias-imperdiveis\/#primaryimage","url":"https:\/\/specialimo.com\/wp-content\/uploads\/2023\/12\/Lisboa_Descubra_As_Atracoes_Natalicias_Imperdiveis.jpeg","contentUrl":"https:\/\/specialimo.com\/wp-content\/uploads\/2023\/12\/Lisboa_Descubra_As_Atracoes_Natalicias_Imperdiveis.jpeg","width":1000,"height":500},{"@type":"BreadcrumbList","@id":"https:\/\/specialimo.com\/2023\/12\/27\/lisboa-descubra-as-atracoes-natalicias-imperdiveis\/#breadcrumb","itemListElement":[{"@type":"ListItem","position":1,"name":"In\u00edcio","item":"https:\/\/specialimo.com\/"},{"@type":"ListItem","position":2,"name":"Lisboa: Descubra as atra\u00e7\u00f5es natal\u00edcias imperd\u00edveis"}]},{"@type":"WebSite","@id":"https:\/\/specialimo.com\/#website","url":"https:\/\/specialimo.com\/","name":"Aluguer de carros e van com motorista - Specialimo","description":"Aluguer de carros, van, minibus e autocarro com motorista","publisher":{"@id":"https:\/\/specialimo.com\/#organization"},"potentialAction":[{"@type":"SearchAction","target":{"@type":"EntryPoint","urlTemplate":"https:\/\/specialimo.com\/?s={search_term_string}"},"query-input":{"@type":"PropertyValueSpecification","valueRequired":true,"valueName":"search_term_string"}}],"inLanguage":"en-US"},{"@type":"Organization","@id":"https:\/\/specialimo.com\/#organization","name":"Aluguer de carros e van com motorista - Specialimo","url":"https:\/\/specialimo.com\/","logo":{"@type":"ImageObject","inLanguage":"en-US","@id":"https:\/\/specialimo.com\/#\/schema\/logo\/image\/","url":"https:\/\/specialimo.com\/wp-content\/uploads\/2023\/10\/logo.png","contentUrl":"https:\/\/specialimo.com\/wp-content\/uploads\/2023\/10\/logo.png","width":422,"height":165,"caption":"Aluguer de carros e van com motorista - Specialimo"},"image":{"@id":"https:\/\/specialimo.com\/#\/schema\/logo\/image\/"}},{"@type":"Person","@id":"https:\/\/specialimo.com\/#\/schema\/person\/ccddb6a0a6a9474417418b9019aa96f4","name":"adminspc","image":{"@type":"ImageObject","inLanguage":"en-US","@id":"https:\/\/secure.gravatar.com\/avatar\/9fbc8ff784e4e02a67c011ca8fdb1c8b13303bc2fc7a62d4cf327bee4cbf7d64?s=96&d=mm&r=g","url":"https:\/\/secure.gravatar.com\/avatar\/9fbc8ff784e4e02a67c011ca8fdb1c8b13303bc2fc7a62d4cf327bee4cbf7d64?s=96&d=mm&r=g","contentUrl":"https:\/\/secure.gravatar.com\/avatar\/9fbc8ff784e4e02a67c011ca8fdb1c8b13303bc2fc7a62d4cf327bee4cbf7d64?s=96&d=mm&r=g","caption":"adminspc"},"sameAs":["https:\/\/specialimo.codetec.pt"],"url":"https:\/\/specialimo.com\/en\/author\/adminspc\/"}]}},"_links":{"self":[{"href":"https:\/\/specialimo.com\/en\/wp-json\/wp\/v2\/posts\/3686","targetHints":{"allow":["GET"]}}],"collection":[{"href":"https:\/\/specialimo.com\/en\/wp-json\/wp\/v2\/posts"}],"about":[{"href":"https:\/\/specialimo.com\/en\/wp-json\/wp\/v2\/types\/post"}],"author":[{"embeddable":true,"href":"https:\/\/specialimo.com\/en\/wp-json\/wp\/v2\/users\/1"}],"replies":[{"embeddable":true,"href":"https:\/\/specialimo.com\/en\/wp-json\/wp\/v2\/comments?post=3686"}],"version-history":[{"count":1,"href":"https:\/\/specialimo.com\/en\/wp-json\/wp\/v2\/posts\/3686\/revisions"}],"predecessor-version":[{"id":3688,"href":"https:\/\/specialimo.com\/en\/wp-json\/wp\/v2\/posts\/3686\/revisions\/3688"}],"wp:featuredmedia":[{"embeddable":true,"href":"https:\/\/specialimo.com\/en\/wp-json\/wp\/v2\/media\/3687"}],"wp:attachment":[{"href":"https:\/\/specialimo.com\/en\/wp-json\/wp\/v2\/media?parent=3686"}],"wp:term":[{"taxonomy":"category","embeddable":true,"href":"https:\/\/specialimo.com\/en\/wp-json\/wp\/v2\/categories?post=3686"},{"taxonomy":"post_tag","embeddable":true,"href":"https:\/\/specialimo.com\/en\/wp-json\/wp\/v2\/tags?post=3686"}],"curies":[{"name":"wp","href":"https:\/\/api.w.org\/{rel}","templated":true}]}}