{"id":692,"date":"2023-10-11T14:30:21","date_gmt":"2023-10-11T14:30:21","guid":{"rendered":"https:\/\/specialimo.codetec.pt\/?p=692"},"modified":"2024-03-29T18:17:22","modified_gmt":"2024-03-29T18:17:22","slug":"porque-e-que-um-carro-com-motorista-e-o-derradeiro-luxo-para-um-evento-especial","status":"publish","type":"post","link":"https:\/\/specialimo.com\/en\/2023\/10\/11\/porque-e-que-um-carro-com-motorista-e-o-derradeiro-luxo-para-um-evento-especial\/","title":{"rendered":"Why a Car with a Chauffeur is the Ultimate Luxury for a Special Event"},"content":{"rendered":"<p>It's undeniable that arriving in style with a <strong>luxury car and a private chauffeur<\/strong> is a statement of sophistication. Whether it's a wedding, a business meeting, or another special event, the transportation you arrive in is as important as what you wear. And what better way to make a grand entrance than in a <strong>sophisticated car with a private chauffeur?<\/strong>?<\/p>\n\n\n\n<p>For many, hiring <strong>a car with a private chauffeur<\/strong> is the epitome of great style. Not only does it add a touch of glamour to your event, but it also ensures a safer journey. You can sit back, relax, and enjoy the ride while your <strong>personal chauffeur<\/strong> takes care of the traffic and parking.<\/p>\n\n\n\n<p>In this article, we'll explain why a luxury <strong>car with a private chauffeur<\/strong> is the right choice for a special event or occasion.<\/p>\n\n\n\n<h2 class=\"wp-block-heading\"><strong>Benefits of Renting a Car with a Private Chauffeur for Special Events<\/strong><\/h2>\n\n\n\n<p><strong>Hiring a car with a chauffeur<\/strong> for a special event offers more than just luxurious transportation. It provides a range of benefits that can make your event even more memorable. Here are some advantages of hiring <strong>hiring a car with a private chauffeur<\/strong>:<\/p>\n\n\n\n<h3 class=\"wp-block-heading\"><strong>Comfort and Convenience<\/strong><\/h3>\n\n\n\n<p>The main advantage <strong>hire a car with a chauffeur<\/strong> for your special event is the comfort and convenience it provides. Unlike using your own car, you don't have to worry about traffic, parking, or driving on unfamiliar roads. You can sit back, relax, and enjoy the ride while your <strong>personal chauffeur<\/strong> takes care of everything.<\/p>\n\n\n\n<h3 class=\"wp-block-heading\"><strong>Safety and Protection<\/strong><\/h3>\n\n\n\n<p>Another <strong>benefit of hiring a car with a chauffeur<\/strong> is the safety it provides. Professional chauffeurs are trained to drive safely and have good knowledge of the roads. Additionally <strong>hiring a car with a private chauffeur<\/strong> reduces the risk of accidents caused by driving under the influence of alcohol, which is a common problem during special events if you drive your own car.<\/p>\n\n\n\n<h3 class=\"wp-block-heading\"><strong>Style and Luxury<\/strong><\/h3>\n\n\n\n<p><strong>Hiring a car with a chauffeur<\/strong> adds a touch of glamour to your event. It's a statement of style and sophistication that will make you stand out from the crowd. At our company, you can choose from a <strong>wide range of luxurious cars<\/strong> that will suit your taste and style. From classic limousines to modern sports cars, there's a chauffeured car for every occasion.<\/p>\n\n\n\n<h2 class=\"wp-block-heading\"><strong>Types of Special Events to Use a Private Chauffeur<\/strong><\/h2>\n\n\n\n<p>Os <strong>Private chauffeur cars are perfect<\/strong> for any special occasion that requires luxurious transportation. Here are some types of <strong>events perfect for hiring a luxury car with a chauffeur:<\/strong>:<\/p>\n\n\n\n<h3 class=\"wp-block-heading\"><strong>Weddings<\/strong><\/h3>\n\n\n\n<p>Weddings are one of the most popular events to <strong>hire a car with a chauffeur<\/strong>. Um <strong>luxury car<\/strong> adds a touch of glamour to any wedding and allows the bride and groom to arrive in style. It also provides a comfortable and peaceful ride for the future couple, who can relax and enjoy the moment until they reach the church, while their chauffeur takes care of the driving.<\/p>\n\n\n\n<h3 class=\"wp-block-heading\"><strong>Proms<\/strong><\/h3>\n\n\n\n<p>Proms are another type of event where a <strong>private chauffeur car<\/strong> is a must. It's a once-in-a-lifetime event for many students, and arriving in a <strong>luxury car<\/strong> will make it even more special. It also provides a safe and convenient mode of transportation for students, who can enjoy the night without worrying about getting to and from home.<\/p>\n\n\n\n<h3 class=\"wp-block-heading\"><strong>Business Meetings<\/strong><\/h3>\n\n\n\n<p>Business meetings are perfect occasions to <strong>hire a car with a chauffeur<\/strong>. This provides a comfortable and private space for businessmen to prepare for their meeting and also ensures that they arrive on time and in style. It's a great way to make a good first impression on your clients and partners.<\/p>\n\n\n\n<h2 class=\"wp-block-heading\"><strong>Conclusion<\/strong><\/h2>\n\n\n\n<p>In conclusion, <strong>hiring a car with a private chauffeur<\/strong> for a special event is an essential luxury touch. Whether it's a wedding, prom, business meeting, or another special occasion, a <strong>luxury car with a chauffeur<\/strong> is the perfect choice for arriving in style. So, contact us and book a car with a chauffeur for your next event.<\/p>","protected":false},"excerpt":{"rendered":"<p>\u00c9 ineg\u00e1vel que chegar em grande estilo com um carro de luxo com motorista privado \u00e9 uma declara\u00e7\u00e3o de sofistica\u00e7\u00e3o. Quer se trate de um casamento, uma reuni\u00e3o de neg\u00f3cios ou outro evento especial, o transporte em que se chega \u00e9 t\u00e3o importante como o que se veste. E que melhor forma de fazer uma [&hellip;]<\/p>","protected":false},"author":1,"featured_media":693,"comment_status":"open","ping_status":"open","sticky":false,"template":"","format":"standard","meta":{"_eb_attr":"","ocean_post_layout":"","ocean_both_sidebars_style":"","ocean_both_sidebars_content_width":0,"ocean_both_sidebars_sidebars_width":0,"ocean_sidebar":"","ocean_second_sidebar":"","ocean_disable_margins":"enable","ocean_add_body_class":"","ocean_shortcode_before_top_bar":"","ocean_shortcode_after_top_bar":"","ocean_shortcode_before_header":"","ocean_shortcode_after_header":"","ocean_has_shortcode":"","ocean_shortcode_after_title":"","ocean_shortcode_before_footer_widgets":"","ocean_shortcode_after_footer_widgets":"","ocean_shortcode_before_footer_bottom":"","ocean_shortcode_after_footer_bottom":"","ocean_display_top_bar":"default","ocean_display_header":"default","ocean_header_style":"","ocean_center_header_left_menu":"","ocean_custom_header_template":"","ocean_custom_logo":0,"ocean_custom_retina_logo":0,"ocean_custom_logo_max_width":0,"ocean_custom_logo_tablet_max_width":0,"ocean_custom_logo_mobile_max_width":0,"ocean_custom_logo_max_height":0,"ocean_custom_logo_tablet_max_height":0,"ocean_custom_logo_mobile_max_height":0,"ocean_header_custom_menu":"","ocean_menu_typo_font_family":"","ocean_menu_typo_font_subset":"","ocean_menu_typo_font_size":0,"ocean_menu_typo_font_size_tablet":0,"ocean_menu_typo_font_size_mobile":0,"ocean_menu_typo_font_size_unit":"px","ocean_menu_typo_font_weight":"","ocean_menu_typo_font_weight_tablet":"","ocean_menu_typo_font_weight_mobile":"","ocean_menu_typo_transform":"","ocean_menu_typo_transform_tablet":"","ocean_menu_typo_transform_mobile":"","ocean_menu_typo_line_height":0,"ocean_menu_typo_line_height_tablet":0,"ocean_menu_typo_line_height_mobile":0,"ocean_menu_typo_line_height_unit":"","ocean_menu_typo_spacing":0,"ocean_menu_typo_spacing_tablet":0,"ocean_menu_typo_spacing_mobile":0,"ocean_menu_typo_spacing_unit":"","ocean_menu_link_color":"","ocean_menu_link_color_hover":"","ocean_menu_link_color_active":"","ocean_menu_link_background":"","ocean_menu_link_hover_background":"","ocean_menu_link_active_background":"","ocean_menu_social_links_bg":"","ocean_menu_social_hover_links_bg":"","ocean_menu_social_links_color":"","ocean_menu_social_hover_links_color":"","ocean_disable_title":"default","ocean_disable_heading":"default","ocean_post_title":"","ocean_post_subheading":"","ocean_post_title_style":"","ocean_post_title_background_color":"","ocean_post_title_background":0,"ocean_post_title_bg_image_position":"","ocean_post_title_bg_image_attachment":"","ocean_post_title_bg_image_repeat":"","ocean_post_title_bg_image_size":"","ocean_post_title_height":0,"ocean_post_title_bg_overlay":0.5,"ocean_post_title_bg_overlay_color":"","ocean_disable_breadcrumbs":"default","ocean_breadcrumbs_color":"","ocean_breadcrumbs_separator_color":"","ocean_breadcrumbs_links_color":"","ocean_breadcrumbs_links_hover_color":"","ocean_display_footer_widgets":"default","ocean_display_footer_bottom":"default","ocean_custom_footer_template":"","_joinchat":[],"ocean_post_oembed":"","ocean_post_self_hosted_media":"","ocean_post_video_embed":"","ocean_link_format":"","ocean_link_format_target":"self","ocean_quote_format":"","ocean_quote_format_link":"post","ocean_gallery_link_images":"on","ocean_gallery_id":[],"footnotes":""},"categories":[22],"tags":[23],"class_list":["post-692","post","type-post","status-publish","format-standard","has-post-thumbnail","hentry","category-carro-com-motorista-privado","tag-carro-com-motorista-privado","entry","has-media"],"yoast_head":"<!-- This site is optimized with the Yoast SEO plugin v27.4 - https:\/\/yoast.com\/product\/yoast-seo-wordpress\/ -->\n<title>Porque \u00e9 que um carro com motorista \u00e9 o derradeiro luxo para um evento especial - Aluguer de carros e van com motorista - Specialimo<\/title>\n<meta name=\"robots\" content=\"index, follow, max-snippet:-1, max-image-preview:large, max-video-preview:-1\" \/>\n<link rel=\"canonical\" href=\"https:\/\/specialimo.com\/en\/2023\/10\/11\/porque-e-que-um-carro-com-motorista-e-o-derradeiro-luxo-para-um-evento-especial\/\" \/>\n<meta property=\"og:locale\" content=\"en_US\" \/>\n<meta property=\"og:type\" content=\"article\" \/>\n<meta property=\"og:title\" content=\"Porque \u00e9 que um carro com motorista \u00e9 o derradeiro luxo para um evento especial - Aluguer de carros e van com motorista - Specialimo\" \/>\n<meta property=\"og:description\" content=\"\u00c9 ineg\u00e1vel que chegar em grande estilo com um carro de luxo com motorista privado \u00e9 uma declara\u00e7\u00e3o de sofistica\u00e7\u00e3o. Quer se trate de um casamento, uma reuni\u00e3o de neg\u00f3cios ou outro evento especial, o transporte em que se chega \u00e9 t\u00e3o importante como o que se veste. E que melhor forma de fazer uma [&hellip;]\" \/>\n<meta property=\"og:url\" content=\"https:\/\/specialimo.com\/en\/2023\/10\/11\/porque-e-que-um-carro-com-motorista-e-o-derradeiro-luxo-para-um-evento-especial\/\" \/>\n<meta property=\"og:site_name\" content=\"Aluguer de carros e van com motorista - Specialimo\" \/>\n<meta property=\"article:published_time\" content=\"2023-10-11T14:30:21+00:00\" \/>\n<meta property=\"article:modified_time\" content=\"2024-03-29T18:17:22+00:00\" \/>\n<meta property=\"og:image\" content=\"https:\/\/specialimo.com\/wp-content\/uploads\/2023\/10\/1_PorqueEQueUmCarroComMotoristaEODerradeiroLuxoParaUmaOcasiaoEspecial.jpg\" \/>\n\t<meta property=\"og:image:width\" content=\"1920\" \/>\n\t<meta property=\"og:image:height\" content=\"1080\" \/>\n\t<meta property=\"og:image:type\" content=\"image\/jpeg\" \/>\n<meta name=\"author\" content=\"adminspc\" \/>\n<meta name=\"twitter:card\" content=\"summary_large_image\" \/>\n<meta name=\"twitter:label1\" content=\"Written by\" \/>\n\t<meta name=\"twitter:data1\" content=\"adminspc\" \/>\n\t<meta name=\"twitter:label2\" content=\"Est. reading time\" \/>\n\t<meta name=\"twitter:data2\" content=\"4 minutes\" \/>\n<script type=\"application\/ld+json\" class=\"yoast-schema-graph\">{\"@context\":\"https:\\\/\\\/schema.org\",\"@graph\":[{\"@type\":\"Article\",\"@id\":\"https:\\\/\\\/specialimo.com\\\/2023\\\/10\\\/11\\\/porque-e-que-um-carro-com-motorista-e-o-derradeiro-luxo-para-um-evento-especial\\\/#article\",\"isPartOf\":{\"@id\":\"https:\\\/\\\/specialimo.com\\\/2023\\\/10\\\/11\\\/porque-e-que-um-carro-com-motorista-e-o-derradeiro-luxo-para-um-evento-especial\\\/\"},\"author\":{\"name\":\"adminspc\",\"@id\":\"https:\\\/\\\/specialimo.com\\\/#\\\/schema\\\/person\\\/ccddb6a0a6a9474417418b9019aa96f4\"},\"headline\":\"Porque \u00e9 que um carro com motorista \u00e9 o derradeiro luxo para um evento especial\",\"datePublished\":\"2023-10-11T14:30:21+00:00\",\"dateModified\":\"2024-03-29T18:17:22+00:00\",\"mainEntityOfPage\":{\"@id\":\"https:\\\/\\\/specialimo.com\\\/2023\\\/10\\\/11\\\/porque-e-que-um-carro-com-motorista-e-o-derradeiro-luxo-para-um-evento-especial\\\/\"},\"wordCount\":763,\"commentCount\":0,\"publisher\":{\"@id\":\"https:\\\/\\\/specialimo.com\\\/#organization\"},\"image\":{\"@id\":\"https:\\\/\\\/specialimo.com\\\/2023\\\/10\\\/11\\\/porque-e-que-um-carro-com-motorista-e-o-derradeiro-luxo-para-um-evento-especial\\\/#primaryimage\"},\"thumbnailUrl\":\"https:\\\/\\\/specialimo.com\\\/wp-content\\\/uploads\\\/2023\\\/10\\\/1_PorqueEQueUmCarroComMotoristaEODerradeiroLuxoParaUmaOcasiaoEspecial.jpg\",\"keywords\":[\"Carro com Motorista Privado\"],\"articleSection\":[\"Carro com Motorista Privado\"],\"inLanguage\":\"en-US\",\"potentialAction\":[{\"@type\":\"CommentAction\",\"name\":\"Comment\",\"target\":[\"https:\\\/\\\/specialimo.com\\\/2023\\\/10\\\/11\\\/porque-e-que-um-carro-com-motorista-e-o-derradeiro-luxo-para-um-evento-especial\\\/#respond\"]}]},{\"@type\":\"WebPage\",\"@id\":\"https:\\\/\\\/specialimo.com\\\/2023\\\/10\\\/11\\\/porque-e-que-um-carro-com-motorista-e-o-derradeiro-luxo-para-um-evento-especial\\\/\",\"url\":\"https:\\\/\\\/specialimo.com\\\/2023\\\/10\\\/11\\\/porque-e-que-um-carro-com-motorista-e-o-derradeiro-luxo-para-um-evento-especial\\\/\",\"name\":\"Porque \u00e9 que um carro com motorista \u00e9 o derradeiro luxo para um evento especial - Aluguer de carros e van com motorista - Specialimo\",\"isPartOf\":{\"@id\":\"https:\\\/\\\/specialimo.com\\\/#website\"},\"primaryImageOfPage\":{\"@id\":\"https:\\\/\\\/specialimo.com\\\/2023\\\/10\\\/11\\\/porque-e-que-um-carro-com-motorista-e-o-derradeiro-luxo-para-um-evento-especial\\\/#primaryimage\"},\"image\":{\"@id\":\"https:\\\/\\\/specialimo.com\\\/2023\\\/10\\\/11\\\/porque-e-que-um-carro-com-motorista-e-o-derradeiro-luxo-para-um-evento-especial\\\/#primaryimage\"},\"thumbnailUrl\":\"https:\\\/\\\/specialimo.com\\\/wp-content\\\/uploads\\\/2023\\\/10\\\/1_PorqueEQueUmCarroComMotoristaEODerradeiroLuxoParaUmaOcasiaoEspecial.jpg\",\"datePublished\":\"2023-10-11T14:30:21+00:00\",\"dateModified\":\"2024-03-29T18:17:22+00:00\",\"breadcrumb\":{\"@id\":\"https:\\\/\\\/specialimo.com\\\/2023\\\/10\\\/11\\\/porque-e-que-um-carro-com-motorista-e-o-derradeiro-luxo-para-um-evento-especial\\\/#breadcrumb\"},\"inLanguage\":\"en-US\",\"potentialAction\":[{\"@type\":\"ReadAction\",\"target\":[\"https:\\\/\\\/specialimo.com\\\/2023\\\/10\\\/11\\\/porque-e-que-um-carro-com-motorista-e-o-derradeiro-luxo-para-um-evento-especial\\\/\"]}]},{\"@type\":\"ImageObject\",\"inLanguage\":\"en-US\",\"@id\":\"https:\\\/\\\/specialimo.com\\\/2023\\\/10\\\/11\\\/porque-e-que-um-carro-com-motorista-e-o-derradeiro-luxo-para-um-evento-especial\\\/#primaryimage\",\"url\":\"https:\\\/\\\/specialimo.com\\\/wp-content\\\/uploads\\\/2023\\\/10\\\/1_PorqueEQueUmCarroComMotoristaEODerradeiroLuxoParaUmaOcasiaoEspecial.jpg\",\"contentUrl\":\"https:\\\/\\\/specialimo.com\\\/wp-content\\\/uploads\\\/2023\\\/10\\\/1_PorqueEQueUmCarroComMotoristaEODerradeiroLuxoParaUmaOcasiaoEspecial.jpg\",\"width\":1920,\"height\":1080},{\"@type\":\"BreadcrumbList\",\"@id\":\"https:\\\/\\\/specialimo.com\\\/2023\\\/10\\\/11\\\/porque-e-que-um-carro-com-motorista-e-o-derradeiro-luxo-para-um-evento-especial\\\/#breadcrumb\",\"itemListElement\":[{\"@type\":\"ListItem\",\"position\":1,\"name\":\"In\u00edcio\",\"item\":\"https:\\\/\\\/specialimo.com\\\/\"},{\"@type\":\"ListItem\",\"position\":2,\"name\":\"Porque \u00e9 que um carro com motorista \u00e9 o derradeiro luxo para um evento especial\"}]},{\"@type\":\"WebSite\",\"@id\":\"https:\\\/\\\/specialimo.com\\\/#website\",\"url\":\"https:\\\/\\\/specialimo.com\\\/\",\"name\":\"Aluguer de carros e van com motorista - Specialimo\",\"description\":\" Aluguer de carros, van, minibus e autocarro com motorista\",\"publisher\":{\"@id\":\"https:\\\/\\\/specialimo.com\\\/#organization\"},\"potentialAction\":[{\"@type\":\"SearchAction\",\"target\":{\"@type\":\"EntryPoint\",\"urlTemplate\":\"https:\\\/\\\/specialimo.com\\\/?s={search_term_string}\"},\"query-input\":{\"@type\":\"PropertyValueSpecification\",\"valueRequired\":true,\"valueName\":\"search_term_string\"}}],\"inLanguage\":\"en-US\"},{\"@type\":\"Organization\",\"@id\":\"https:\\\/\\\/specialimo.com\\\/#organization\",\"name\":\"Aluguer de carros e van com motorista - Specialimo\",\"url\":\"https:\\\/\\\/specialimo.com\\\/\",\"logo\":{\"@type\":\"ImageObject\",\"inLanguage\":\"en-US\",\"@id\":\"https:\\\/\\\/specialimo.com\\\/#\\\/schema\\\/logo\\\/image\\\/\",\"url\":\"https:\\\/\\\/specialimo.com\\\/wp-content\\\/uploads\\\/2023\\\/10\\\/logo.png\",\"contentUrl\":\"https:\\\/\\\/specialimo.com\\\/wp-content\\\/uploads\\\/2023\\\/10\\\/logo.png\",\"width\":422,\"height\":165,\"caption\":\"Aluguer de carros e van com motorista - Specialimo\"},\"image\":{\"@id\":\"https:\\\/\\\/specialimo.com\\\/#\\\/schema\\\/logo\\\/image\\\/\"}},{\"@type\":\"Person\",\"@id\":\"https:\\\/\\\/specialimo.com\\\/#\\\/schema\\\/person\\\/ccddb6a0a6a9474417418b9019aa96f4\",\"name\":\"adminspc\",\"image\":{\"@type\":\"ImageObject\",\"inLanguage\":\"en-US\",\"@id\":\"https:\\\/\\\/secure.gravatar.com\\\/avatar\\\/9fbc8ff784e4e02a67c011ca8fdb1c8b13303bc2fc7a62d4cf327bee4cbf7d64?s=96&d=mm&r=g\",\"url\":\"https:\\\/\\\/secure.gravatar.com\\\/avatar\\\/9fbc8ff784e4e02a67c011ca8fdb1c8b13303bc2fc7a62d4cf327bee4cbf7d64?s=96&d=mm&r=g\",\"contentUrl\":\"https:\\\/\\\/secure.gravatar.com\\\/avatar\\\/9fbc8ff784e4e02a67c011ca8fdb1c8b13303bc2fc7a62d4cf327bee4cbf7d64?s=96&d=mm&r=g\",\"caption\":\"adminspc\"},\"sameAs\":[\"https:\\\/\\\/specialimo.codetec.pt\"],\"url\":\"https:\\\/\\\/specialimo.com\\\/en\\\/author\\\/adminspc\\\/\"}]}<\/script>\n<!-- \/ Yoast SEO plugin. -->","yoast_head_json":{"title":"Porque \u00e9 que um carro com motorista \u00e9 o derradeiro luxo para um evento especial - Aluguer de carros e van com motorista - Specialimo","robots":{"index":"index","follow":"follow","max-snippet":"max-snippet:-1","max-image-preview":"max-image-preview:large","max-video-preview":"max-video-preview:-1"},"canonical":"https:\/\/specialimo.com\/en\/2023\/10\/11\/porque-e-que-um-carro-com-motorista-e-o-derradeiro-luxo-para-um-evento-especial\/","og_locale":"en_US","og_type":"article","og_title":"Porque \u00e9 que um carro com motorista \u00e9 o derradeiro luxo para um evento especial - Aluguer de carros e van com motorista - Specialimo","og_description":"\u00c9 ineg\u00e1vel que chegar em grande estilo com um carro de luxo com motorista privado \u00e9 uma declara\u00e7\u00e3o de sofistica\u00e7\u00e3o. Quer se trate de um casamento, uma reuni\u00e3o de neg\u00f3cios ou outro evento especial, o transporte em que se chega \u00e9 t\u00e3o importante como o que se veste. E que melhor forma de fazer uma [&hellip;]","og_url":"https:\/\/specialimo.com\/en\/2023\/10\/11\/porque-e-que-um-carro-com-motorista-e-o-derradeiro-luxo-para-um-evento-especial\/","og_site_name":"Aluguer de carros e van com motorista - Specialimo","article_published_time":"2023-10-11T14:30:21+00:00","article_modified_time":"2024-03-29T18:17:22+00:00","og_image":[{"width":1920,"height":1080,"url":"https:\/\/specialimo.com\/wp-content\/uploads\/2023\/10\/1_PorqueEQueUmCarroComMotoristaEODerradeiroLuxoParaUmaOcasiaoEspecial.jpg","type":"image\/jpeg"}],"author":"adminspc","twitter_card":"summary_large_image","twitter_misc":{"Written by":"adminspc","Est. reading time":"4 minutes"},"schema":{"@context":"https:\/\/schema.org","@graph":[{"@type":"Article","@id":"https:\/\/specialimo.com\/2023\/10\/11\/porque-e-que-um-carro-com-motorista-e-o-derradeiro-luxo-para-um-evento-especial\/#article","isPartOf":{"@id":"https:\/\/specialimo.com\/2023\/10\/11\/porque-e-que-um-carro-com-motorista-e-o-derradeiro-luxo-para-um-evento-especial\/"},"author":{"name":"adminspc","@id":"https:\/\/specialimo.com\/#\/schema\/person\/ccddb6a0a6a9474417418b9019aa96f4"},"headline":"Porque \u00e9 que um carro com motorista \u00e9 o derradeiro luxo para um evento especial","datePublished":"2023-10-11T14:30:21+00:00","dateModified":"2024-03-29T18:17:22+00:00","mainEntityOfPage":{"@id":"https:\/\/specialimo.com\/2023\/10\/11\/porque-e-que-um-carro-com-motorista-e-o-derradeiro-luxo-para-um-evento-especial\/"},"wordCount":763,"commentCount":0,"publisher":{"@id":"https:\/\/specialimo.com\/#organization"},"image":{"@id":"https:\/\/specialimo.com\/2023\/10\/11\/porque-e-que-um-carro-com-motorista-e-o-derradeiro-luxo-para-um-evento-especial\/#primaryimage"},"thumbnailUrl":"https:\/\/specialimo.com\/wp-content\/uploads\/2023\/10\/1_PorqueEQueUmCarroComMotoristaEODerradeiroLuxoParaUmaOcasiaoEspecial.jpg","keywords":["Carro com Motorista Privado"],"articleSection":["Carro com Motorista Privado"],"inLanguage":"en-US","potentialAction":[{"@type":"CommentAction","name":"Comment","target":["https:\/\/specialimo.com\/2023\/10\/11\/porque-e-que-um-carro-com-motorista-e-o-derradeiro-luxo-para-um-evento-especial\/#respond"]}]},{"@type":"WebPage","@id":"https:\/\/specialimo.com\/2023\/10\/11\/porque-e-que-um-carro-com-motorista-e-o-derradeiro-luxo-para-um-evento-especial\/","url":"https:\/\/specialimo.com\/2023\/10\/11\/porque-e-que-um-carro-com-motorista-e-o-derradeiro-luxo-para-um-evento-especial\/","name":"Porque \u00e9 que um carro com motorista \u00e9 o derradeiro luxo para um evento especial - Aluguer de carros e van com motorista - Specialimo","isPartOf":{"@id":"https:\/\/specialimo.com\/#website"},"primaryImageOfPage":{"@id":"https:\/\/specialimo.com\/2023\/10\/11\/porque-e-que-um-carro-com-motorista-e-o-derradeiro-luxo-para-um-evento-especial\/#primaryimage"},"image":{"@id":"https:\/\/specialimo.com\/2023\/10\/11\/porque-e-que-um-carro-com-motorista-e-o-derradeiro-luxo-para-um-evento-especial\/#primaryimage"},"thumbnailUrl":"https:\/\/specialimo.com\/wp-content\/uploads\/2023\/10\/1_PorqueEQueUmCarroComMotoristaEODerradeiroLuxoParaUmaOcasiaoEspecial.jpg","datePublished":"2023-10-11T14:30:21+00:00","dateModified":"2024-03-29T18:17:22+00:00","breadcrumb":{"@id":"https:\/\/specialimo.com\/2023\/10\/11\/porque-e-que-um-carro-com-motorista-e-o-derradeiro-luxo-para-um-evento-especial\/#breadcrumb"},"inLanguage":"en-US","potentialAction":[{"@type":"ReadAction","target":["https:\/\/specialimo.com\/2023\/10\/11\/porque-e-que-um-carro-com-motorista-e-o-derradeiro-luxo-para-um-evento-especial\/"]}]},{"@type":"ImageObject","inLanguage":"en-US","@id":"https:\/\/specialimo.com\/2023\/10\/11\/porque-e-que-um-carro-com-motorista-e-o-derradeiro-luxo-para-um-evento-especial\/#primaryimage","url":"https:\/\/specialimo.com\/wp-content\/uploads\/2023\/10\/1_PorqueEQueUmCarroComMotoristaEODerradeiroLuxoParaUmaOcasiaoEspecial.jpg","contentUrl":"https:\/\/specialimo.com\/wp-content\/uploads\/2023\/10\/1_PorqueEQueUmCarroComMotoristaEODerradeiroLuxoParaUmaOcasiaoEspecial.jpg","width":1920,"height":1080},{"@type":"BreadcrumbList","@id":"https:\/\/specialimo.com\/2023\/10\/11\/porque-e-que-um-carro-com-motorista-e-o-derradeiro-luxo-para-um-evento-especial\/#breadcrumb","itemListElement":[{"@type":"ListItem","position":1,"name":"In\u00edcio","item":"https:\/\/specialimo.com\/"},{"@type":"ListItem","position":2,"name":"Porque \u00e9 que um carro com motorista \u00e9 o derradeiro luxo para um evento especial"}]},{"@type":"WebSite","@id":"https:\/\/specialimo.com\/#website","url":"https:\/\/specialimo.com\/","name":"Aluguer de carros e van com motorista - Specialimo","description":"Aluguer de carros, van, minibus e autocarro com motorista","publisher":{"@id":"https:\/\/specialimo.com\/#organization"},"potentialAction":[{"@type":"SearchAction","target":{"@type":"EntryPoint","urlTemplate":"https:\/\/specialimo.com\/?s={search_term_string}"},"query-input":{"@type":"PropertyValueSpecification","valueRequired":true,"valueName":"search_term_string"}}],"inLanguage":"en-US"},{"@type":"Organization","@id":"https:\/\/specialimo.com\/#organization","name":"Aluguer de carros e van com motorista - Specialimo","url":"https:\/\/specialimo.com\/","logo":{"@type":"ImageObject","inLanguage":"en-US","@id":"https:\/\/specialimo.com\/#\/schema\/logo\/image\/","url":"https:\/\/specialimo.com\/wp-content\/uploads\/2023\/10\/logo.png","contentUrl":"https:\/\/specialimo.com\/wp-content\/uploads\/2023\/10\/logo.png","width":422,"height":165,"caption":"Aluguer de carros e van com motorista - Specialimo"},"image":{"@id":"https:\/\/specialimo.com\/#\/schema\/logo\/image\/"}},{"@type":"Person","@id":"https:\/\/specialimo.com\/#\/schema\/person\/ccddb6a0a6a9474417418b9019aa96f4","name":"adminspc","image":{"@type":"ImageObject","inLanguage":"en-US","@id":"https:\/\/secure.gravatar.com\/avatar\/9fbc8ff784e4e02a67c011ca8fdb1c8b13303bc2fc7a62d4cf327bee4cbf7d64?s=96&d=mm&r=g","url":"https:\/\/secure.gravatar.com\/avatar\/9fbc8ff784e4e02a67c011ca8fdb1c8b13303bc2fc7a62d4cf327bee4cbf7d64?s=96&d=mm&r=g","contentUrl":"https:\/\/secure.gravatar.com\/avatar\/9fbc8ff784e4e02a67c011ca8fdb1c8b13303bc2fc7a62d4cf327bee4cbf7d64?s=96&d=mm&r=g","caption":"adminspc"},"sameAs":["https:\/\/specialimo.codetec.pt"],"url":"https:\/\/specialimo.com\/en\/author\/adminspc\/"}]}},"_links":{"self":[{"href":"https:\/\/specialimo.com\/en\/wp-json\/wp\/v2\/posts\/692","targetHints":{"allow":["GET"]}}],"collection":[{"href":"https:\/\/specialimo.com\/en\/wp-json\/wp\/v2\/posts"}],"about":[{"href":"https:\/\/specialimo.com\/en\/wp-json\/wp\/v2\/types\/post"}],"author":[{"embeddable":true,"href":"https:\/\/specialimo.com\/en\/wp-json\/wp\/v2\/users\/1"}],"replies":[{"embeddable":true,"href":"https:\/\/specialimo.com\/en\/wp-json\/wp\/v2\/comments?post=692"}],"version-history":[{"count":1,"href":"https:\/\/specialimo.com\/en\/wp-json\/wp\/v2\/posts\/692\/revisions"}],"predecessor-version":[{"id":694,"href":"https:\/\/specialimo.com\/en\/wp-json\/wp\/v2\/posts\/692\/revisions\/694"}],"wp:featuredmedia":[{"embeddable":true,"href":"https:\/\/specialimo.com\/en\/wp-json\/wp\/v2\/media\/693"}],"wp:attachment":[{"href":"https:\/\/specialimo.com\/en\/wp-json\/wp\/v2\/media?parent=692"}],"wp:term":[{"taxonomy":"category","embeddable":true,"href":"https:\/\/specialimo.com\/en\/wp-json\/wp\/v2\/categories?post=692"},{"taxonomy":"post_tag","embeddable":true,"href":"https:\/\/specialimo.com\/en\/wp-json\/wp\/v2\/tags?post=692"}],"curies":[{"name":"wp","href":"https:\/\/api.w.org\/{rel}","templated":true}]}}