{"id":3686,"date":"2023-12-27T17:23:18","date_gmt":"2023-12-27T17:23:18","guid":{"rendered":"https:\/\/specialimo.com\/?p=3686"},"modified":"2024-03-29T18:11:51","modified_gmt":"2024-03-29T18:11:51","slug":"lisboa-descubra-as-atracoes-natalicias-imperdiveis","status":"publish","type":"post","link":"https:\/\/specialimo.com\/es\/2023\/12\/27\/lisboa-descubra-as-atracoes-natalicias-imperdiveis\/","title":{"rendered":"Lisboa: Descubre las imperdibles atracciones navide\u00f1as."},"content":{"rendered":"<p><strong>Descubre la magia de Lisboa en esta temporada navide\u00f1a<\/strong> con sus imperdibles atracciones. Con sus brillantes luces, decoraciones exuberantes y esp\u00edritu festivo, <strong>la capital de Portugal<\/strong> adquiere un <strong>encanto especial durante la Navidad.<\/strong>D\u00e9jate encantar por las hist\u00f3ricas y acogedoras calles de la ciudad, que se llenan de vida y animaci\u00f3n en esta \u00e9poca del a\u00f1o.<\/p>\n\n\n\n<h2 class=\"wp-block-heading\"><strong>Tradiciones y costumbres navide\u00f1as en Lisboa<\/strong><\/h2>\n\n\n\n<p><strong>Lisboa tiene una rica tradici\u00f3n navide\u00f1a,<\/strong>, <strong>con costumbres y celebraciones \u00fanicas.<\/strong>Una de las tradiciones m\u00e1s populares <strong>es el Bel\u00e9n de Navidad,<\/strong>que representa el nacimiento de Jes\u00fas. Los belenes se pueden encontrar en iglesias, plazas e incluso en residencias particulares. Algunos son verdaderas obras de arte, con miniaturas detalladas que representan la escena del nacimiento de Jes\u00fas.<\/p>\n\n\n\n<p>Otra tradici\u00f3n importante es la <strong>Misa del Gallo<\/strong>que tiene lugar en la noche del 24 de diciembre. Es una celebraci\u00f3n religiosa que marca el inicio de las festividades navide\u00f1as. Las iglesias se decoran para la ocasi\u00f3n y las personas se re\u00fanen para celebrar el nacimiento de Jes\u00fas.<\/p>\n\n\n\n<p>Adem\u00e1s, es com\u00fan que las familias se re\u00fanan para una cena especial en la v\u00edspera de Navidad. Los platos tradicionales incluyen bacalao, pavo asado, carnes fr\u00edas y una variedad de dulces t\u00edpicos, como el Bolo Rei y los Sonhos.<\/p>\n\n\n\n<h2 class=\"wp-block-heading\"><strong>Imperdibles atracciones navide\u00f1as en Lisboa<\/strong><\/h2>\n\n\n\n<h3 class=\"wp-block-heading\"><strong>1.&nbsp;&nbsp;&nbsp; <\/strong><strong>Mercados navide\u00f1os y compras en Lisboa<\/strong><\/h3>\n\n\n\n<p><strong>Lisboa<\/strong> es conocida por sus encantadores <strong>los mercados navide\u00f1os<\/strong> donde puedes encontrar una variedad de productos artesanales y gastronom\u00eda t\u00edpica. Uno de los m\u00e1s populares es el Mercado de Navidad en la Plaza del Comercio, donde podr\u00e1s encontrar regalos \u00fanicos, como artesan\u00edas locales, joyas y productos de cuero. Adem\u00e1s, hay una variedad de puestos de comida con delicias tradicionales, como casta\u00f1as asadas y vino caliente.<\/p>\n\n\n\n<p>Otro <strong>mercado navide\u00f1o<\/strong> imperdible es el del <strong>Jard\u00edn del Pr\u00edncipe Real.<\/strong>Este mercado es conocido por sus productos originales y de alta calidad, que incluyen ropa, accesorios, decoraciones y alimentos artesanales. Es un gran lugar para encontrar regalos especiales para tus seres queridos.<\/p>\n\n\n\n<h3 class=\"wp-block-heading\"><strong>2.&nbsp;&nbsp;&nbsp; <\/strong><strong>Eventos festivos y conciertos en Lisboa<\/strong><\/h3>\n\n\n\n<p><strong>Durante la<\/strong> <strong>temporada navide\u00f1a, Lisboa ofrece una variedad de eventos festivos<\/strong> y conciertos que celebran la \u00e9poca. Uno de los eventos m\u00e1s populares es el <strong>concierto de Navidad en la Iglesia de San Roque,<\/strong>que presenta m\u00fasica navide\u00f1a interpretada por artistas locales e internacionales. La iglesia est\u00e1 bellamente decorada y el ambiente es m\u00e1gico.<\/p>\n\n\n\n<p>Otro evento imperdible es el <strong>Desfile de Navidad,<\/strong>, <strong>que tiene lugar en las calles del centro de Lisboa.<\/strong>El desfile est\u00e1 compuesto por carrozas, bandas y grupos de baile que desfilan por las calles, esparciendo alegr\u00eda y animaci\u00f3n. Es una experiencia divertida para toda la familia.<\/p>\n\n\n\n<h3 class=\"wp-block-heading\"><strong>3.&nbsp;&nbsp;&nbsp; <\/strong><strong>Contempla las encantadoras luces navide\u00f1as<\/strong><\/h3>\n\n\n\n<p><strong>Lisboa cobra vida durante la Navidad con sus deslumbrantes luces.<\/strong>Una de las \u00e1reas m\u00e1s famosas es la <strong>Avenida da Liberdade,<\/strong>que est\u00e1 decorada con una gran cantidad de luces de colores que forman figuras y patrones deslumbrantes. Es un verdadero espect\u00e1culo visual y un paseo por la avenida por la noche es una experiencia m\u00e1gica.<\/p>\n\n\n\n<p>Otra \u00e1rea que vale la pena visitar es el <strong>Chiado<\/strong>Chiado, donde las estrechas calles est\u00e1n iluminadas por luces doradas, creando un ambiente acogedor y rom\u00e1ntico. Es un gran lugar para ir de compras, cenar o simplemente pasear y disfrutar de las luces.<\/p>\n\n\n\n<h3 class=\"wp-block-heading\"><strong>4.&nbsp;&nbsp;&nbsp; <\/strong><strong>Deliciosas comidas y bebidas navide\u00f1as en Lisboa<\/strong><\/h3>\n\n\n\n<p><strong>La gastronom\u00eda navide\u00f1a en Lisboa es una verdadera fiesta para los sentidos.<\/strong>Durante la <strong>Navidad,<\/strong>es com\u00fan encontrar platos tradicionales en restaurantes y mercados por toda la ciudad. El bacalao es un plato t\u00edpico y se sirve de varias formas, como asado, cocido o en forma de bolitas.<\/p>\n\n\n\n<p>Otra <strong>delicia navide\u00f1a es el Bolo Rei,<\/strong>un pastel tradicional decorado con frutas cristalizadas y az\u00facar en polvo. Es un dulce delicioso que se consume durante toda la temporada <strong>temporada navide\u00f1a,<\/strong>Adem\u00e1s, <strong>los Sonhos<\/strong> son otra <strong>delicia t\u00edpica de Navidad,<\/strong>que son peque\u00f1as bolas de masa frita cubiertas con az\u00facar y canela.<\/p>\n\n\n\n<h3 class=\"wp-block-heading\"><strong>5.&nbsp;&nbsp;&nbsp; <\/strong><strong>Consejos para visitar Lisboa durante la temporada navide\u00f1a<\/strong><\/h3>\n\n\n\n<p><strong>Para aprovechar al m\u00e1ximo tu visita a Lisboa <\/strong>durante esta \u00e9poca, aqu\u00ed tienes algunos consejos \u00fatiles:<\/p>\n\n\n\n<ul class=\"wp-block-list\">\n<li>Usa ropa abrigada: <strong>Lisboa se enfr\u00eda durante el invierno,<\/strong>as\u00ed que recuerda vestirte adecuadamente para disfrutar de las actividades al aire libre.<\/li>\n\n\n\n<li>Planea con anticipaci\u00f3n: Verifica los horarios de los mercados, eventos y atracciones para asegurarte de poder aprovechar al m\u00e1ximo tu visita.<\/li>\n\n\n\n<li>Prueba la gastronom\u00eda local: <strong>No dejes de probar los platos tradicionales de Navidad,<\/strong>No dejes de probar los platos tradicionales de Navidad,<\/li>\n\n\n\n<li>Reserva alojamiento con anticipaci\u00f3n: Durante la <strong>temporada navide\u00f1a,<\/strong>puede haber una gran demanda de alojamiento, as\u00ed que es recomendable reservar con anticipaci\u00f3n para garantizar el mejor lugar para hospedarse.<\/li>\n<\/ul>\n\n\n\n<h2 class=\"wp-block-heading\"><strong>Abrazando la magia de la Navidad en Lisboa<\/strong><\/h2>\n\n\n\n<p><strong>Lisboa se transforma en un lugar m\u00e1gico durante la Navidad,<\/strong>con sus deslumbrantes luces, encantadores mercados y festividades animadas. Al <strong>visitar la capital de Portugal en esta \u00e9poca del a\u00f1o,<\/strong>tendr\u00e1s la oportunidad de <strong>experimentar las tradiciones y costumbres<\/strong> \u00fanicas de la ciudad, adem\u00e1s de disfrutar de las atracciones especiales que hacen <strong>que Lisboa sea a\u00fan m\u00e1s encantadora durante la Navidad.<\/strong>No pierdas la oportunidad de explorar la ciudad, probar la deliciosa gastronom\u00eda navide\u00f1a y dejarte llevar por la atm\u00f3sfera festiva.<strong>Emb\u00e1rcate en este viaje y descubre la magia de la Navidad en Lisboa.<\/strong><\/p>","protected":false},"excerpt":{"rendered":"<p>Descubra a magia de Lisboa nesta temporada de Natal com suas atra\u00e7\u00f5es imperd\u00edveis. Com as suas luzes cintilantes, decora\u00e7\u00f5es exuberantes e esp\u00edrito festivo, a capital de Portugal ganha um charme especial, durante o Natal. Deixe-se encantar pelas ruas hist\u00f3ricas e aconchegantes da cidade, que se enchem de vida e anima\u00e7\u00e3o nesta \u00e9poca do ano. Tradi\u00e7\u00f5es [&hellip;]<\/p>","protected":false},"author":1,"featured_media":3687,"comment_status":"open","ping_status":"open","sticky":false,"template":"","format":"standard","meta":{"_eb_attr":"","ocean_post_layout":"","ocean_both_sidebars_style":"","ocean_both_sidebars_content_width":0,"ocean_both_sidebars_sidebars_width":0,"ocean_sidebar":"","ocean_second_sidebar":"","ocean_disable_margins":"enable","ocean_add_body_class":"","ocean_shortcode_before_top_bar":"","ocean_shortcode_after_top_bar":"","ocean_shortcode_before_header":"","ocean_shortcode_after_header":"","ocean_has_shortcode":"","ocean_shortcode_after_title":"","ocean_shortcode_before_footer_widgets":"","ocean_shortcode_after_footer_widgets":"","ocean_shortcode_before_footer_bottom":"","ocean_shortcode_after_footer_bottom":"","ocean_display_top_bar":"default","ocean_display_header":"default","ocean_header_style":"","ocean_center_header_left_menu":"","ocean_custom_header_template":"","ocean_custom_logo":0,"ocean_custom_retina_logo":0,"ocean_custom_logo_max_width":0,"ocean_custom_logo_tablet_max_width":0,"ocean_custom_logo_mobile_max_width":0,"ocean_custom_logo_max_height":0,"ocean_custom_logo_tablet_max_height":0,"ocean_custom_logo_mobile_max_height":0,"ocean_header_custom_menu":"","ocean_menu_typo_font_family":"","ocean_menu_typo_font_subset":"","ocean_menu_typo_font_size":0,"ocean_menu_typo_font_size_tablet":0,"ocean_menu_typo_font_size_mobile":0,"ocean_menu_typo_font_size_unit":"px","ocean_menu_typo_font_weight":"","ocean_menu_typo_font_weight_tablet":"","ocean_menu_typo_font_weight_mobile":"","ocean_menu_typo_transform":"","ocean_menu_typo_transform_tablet":"","ocean_menu_typo_transform_mobile":"","ocean_menu_typo_line_height":0,"ocean_menu_typo_line_height_tablet":0,"ocean_menu_typo_line_height_mobile":0,"ocean_menu_typo_line_height_unit":"","ocean_menu_typo_spacing":0,"ocean_menu_typo_spacing_tablet":0,"ocean_menu_typo_spacing_mobile":0,"ocean_menu_typo_spacing_unit":"","ocean_menu_link_color":"","ocean_menu_link_color_hover":"","ocean_menu_link_color_active":"","ocean_menu_link_background":"","ocean_menu_link_hover_background":"","ocean_menu_link_active_background":"","ocean_menu_social_links_bg":"","ocean_menu_social_hover_links_bg":"","ocean_menu_social_links_color":"","ocean_menu_social_hover_links_color":"","ocean_disable_title":"default","ocean_disable_heading":"default","ocean_post_title":"","ocean_post_subheading":"","ocean_post_title_style":"","ocean_post_title_background_color":"","ocean_post_title_background":0,"ocean_post_title_bg_image_position":"","ocean_post_title_bg_image_attachment":"","ocean_post_title_bg_image_repeat":"","ocean_post_title_bg_image_size":"","ocean_post_title_height":0,"ocean_post_title_bg_overlay":0.5,"ocean_post_title_bg_overlay_color":"","ocean_disable_breadcrumbs":"default","ocean_breadcrumbs_color":"","ocean_breadcrumbs_separator_color":"","ocean_breadcrumbs_links_color":"","ocean_breadcrumbs_links_hover_color":"","ocean_display_footer_widgets":"default","ocean_display_footer_bottom":"default","ocean_custom_footer_template":"","_joinchat":[],"ocean_post_oembed":"","ocean_post_self_hosted_media":"","ocean_post_video_embed":"","ocean_link_format":"","ocean_link_format_target":"self","ocean_quote_format":"","ocean_quote_format_link":"post","ocean_gallery_link_images":"on","ocean_gallery_id":[],"footnotes":""},"categories":[14],"tags":[],"class_list":["post-3686","post","type-post","status-publish","format-standard","has-post-thumbnail","hentry","category-lisboa","entry","has-media"],"yoast_head":"<!-- This site is optimized with the Yoast SEO plugin v27.4 - https:\/\/yoast.com\/product\/yoast-seo-wordpress\/ -->\n<title>Lisboa: Descubra as atra\u00e7\u00f5es natal\u00edcias imperd\u00edveis - Aluguer de carros e van com motorista - Specialimo<\/title>\n<meta name=\"robots\" content=\"index, follow, max-snippet:-1, max-image-preview:large, max-video-preview:-1\" \/>\n<link rel=\"canonical\" href=\"https:\/\/specialimo.com\/es\/2023\/12\/27\/lisboa-descubra-as-atracoes-natalicias-imperdiveis\/\" \/>\n<meta property=\"og:locale\" content=\"es_ES\" \/>\n<meta property=\"og:type\" content=\"article\" \/>\n<meta property=\"og:title\" content=\"Lisboa: Descubra as atra\u00e7\u00f5es natal\u00edcias imperd\u00edveis - Aluguer de carros e van com motorista - Specialimo\" \/>\n<meta property=\"og:description\" content=\"Descubra a magia de Lisboa nesta temporada de Natal com suas atra\u00e7\u00f5es imperd\u00edveis. Com as suas luzes cintilantes, decora\u00e7\u00f5es exuberantes e esp\u00edrito festivo, a capital de Portugal ganha um charme especial, durante o Natal. Deixe-se encantar pelas ruas hist\u00f3ricas e aconchegantes da cidade, que se enchem de vida e anima\u00e7\u00e3o nesta \u00e9poca do ano. Tradi\u00e7\u00f5es [&hellip;]\" \/>\n<meta property=\"og:url\" content=\"https:\/\/specialimo.com\/es\/2023\/12\/27\/lisboa-descubra-as-atracoes-natalicias-imperdiveis\/\" \/>\n<meta property=\"og:site_name\" content=\"Aluguer de carros e van com motorista - Specialimo\" \/>\n<meta property=\"article:published_time\" content=\"2023-12-27T17:23:18+00:00\" \/>\n<meta property=\"article:modified_time\" content=\"2024-03-29T18:11:51+00:00\" \/>\n<meta property=\"og:image\" content=\"https:\/\/specialimo.com\/wp-content\/uploads\/2023\/12\/Lisboa_Descubra_As_Atracoes_Natalicias_Imperdiveis.jpeg\" \/>\n\t<meta property=\"og:image:width\" content=\"1000\" \/>\n\t<meta property=\"og:image:height\" content=\"500\" \/>\n\t<meta property=\"og:image:type\" content=\"image\/jpeg\" \/>\n<meta name=\"author\" content=\"adminspc\" \/>\n<meta name=\"twitter:card\" content=\"summary_large_image\" \/>\n<meta name=\"twitter:label1\" content=\"Escrito por\" \/>\n\t<meta name=\"twitter:data1\" content=\"adminspc\" \/>\n\t<meta name=\"twitter:label2\" content=\"Tiempo de lectura\" \/>\n\t<meta name=\"twitter:data2\" content=\"5 minutos\" \/>\n<script type=\"application\/ld+json\" class=\"yoast-schema-graph\">{\"@context\":\"https:\\\/\\\/schema.org\",\"@graph\":[{\"@type\":\"Article\",\"@id\":\"https:\\\/\\\/specialimo.com\\\/2023\\\/12\\\/27\\\/lisboa-descubra-as-atracoes-natalicias-imperdiveis\\\/#article\",\"isPartOf\":{\"@id\":\"https:\\\/\\\/specialimo.com\\\/2023\\\/12\\\/27\\\/lisboa-descubra-as-atracoes-natalicias-imperdiveis\\\/\"},\"author\":{\"name\":\"adminspc\",\"@id\":\"https:\\\/\\\/specialimo.com\\\/#\\\/schema\\\/person\\\/ccddb6a0a6a9474417418b9019aa96f4\"},\"headline\":\"Lisboa: Descubra as atra\u00e7\u00f5es natal\u00edcias imperd\u00edveis\",\"datePublished\":\"2023-12-27T17:23:18+00:00\",\"dateModified\":\"2024-03-29T18:11:51+00:00\",\"mainEntityOfPage\":{\"@id\":\"https:\\\/\\\/specialimo.com\\\/2023\\\/12\\\/27\\\/lisboa-descubra-as-atracoes-natalicias-imperdiveis\\\/\"},\"wordCount\":921,\"commentCount\":0,\"publisher\":{\"@id\":\"https:\\\/\\\/specialimo.com\\\/#organization\"},\"image\":{\"@id\":\"https:\\\/\\\/specialimo.com\\\/2023\\\/12\\\/27\\\/lisboa-descubra-as-atracoes-natalicias-imperdiveis\\\/#primaryimage\"},\"thumbnailUrl\":\"https:\\\/\\\/specialimo.com\\\/wp-content\\\/uploads\\\/2023\\\/12\\\/Lisboa_Descubra_As_Atracoes_Natalicias_Imperdiveis.jpeg\",\"articleSection\":[\"Lisboa\"],\"inLanguage\":\"es\",\"potentialAction\":[{\"@type\":\"CommentAction\",\"name\":\"Comment\",\"target\":[\"https:\\\/\\\/specialimo.com\\\/2023\\\/12\\\/27\\\/lisboa-descubra-as-atracoes-natalicias-imperdiveis\\\/#respond\"]}]},{\"@type\":\"WebPage\",\"@id\":\"https:\\\/\\\/specialimo.com\\\/2023\\\/12\\\/27\\\/lisboa-descubra-as-atracoes-natalicias-imperdiveis\\\/\",\"url\":\"https:\\\/\\\/specialimo.com\\\/2023\\\/12\\\/27\\\/lisboa-descubra-as-atracoes-natalicias-imperdiveis\\\/\",\"name\":\"Lisboa: Descubra as atra\u00e7\u00f5es natal\u00edcias imperd\u00edveis - Aluguer de carros e van com motorista - Specialimo\",\"isPartOf\":{\"@id\":\"https:\\\/\\\/specialimo.com\\\/#website\"},\"primaryImageOfPage\":{\"@id\":\"https:\\\/\\\/specialimo.com\\\/2023\\\/12\\\/27\\\/lisboa-descubra-as-atracoes-natalicias-imperdiveis\\\/#primaryimage\"},\"image\":{\"@id\":\"https:\\\/\\\/specialimo.com\\\/2023\\\/12\\\/27\\\/lisboa-descubra-as-atracoes-natalicias-imperdiveis\\\/#primaryimage\"},\"thumbnailUrl\":\"https:\\\/\\\/specialimo.com\\\/wp-content\\\/uploads\\\/2023\\\/12\\\/Lisboa_Descubra_As_Atracoes_Natalicias_Imperdiveis.jpeg\",\"datePublished\":\"2023-12-27T17:23:18+00:00\",\"dateModified\":\"2024-03-29T18:11:51+00:00\",\"breadcrumb\":{\"@id\":\"https:\\\/\\\/specialimo.com\\\/2023\\\/12\\\/27\\\/lisboa-descubra-as-atracoes-natalicias-imperdiveis\\\/#breadcrumb\"},\"inLanguage\":\"es\",\"potentialAction\":[{\"@type\":\"ReadAction\",\"target\":[\"https:\\\/\\\/specialimo.com\\\/2023\\\/12\\\/27\\\/lisboa-descubra-as-atracoes-natalicias-imperdiveis\\\/\"]}]},{\"@type\":\"ImageObject\",\"inLanguage\":\"es\",\"@id\":\"https:\\\/\\\/specialimo.com\\\/2023\\\/12\\\/27\\\/lisboa-descubra-as-atracoes-natalicias-imperdiveis\\\/#primaryimage\",\"url\":\"https:\\\/\\\/specialimo.com\\\/wp-content\\\/uploads\\\/2023\\\/12\\\/Lisboa_Descubra_As_Atracoes_Natalicias_Imperdiveis.jpeg\",\"contentUrl\":\"https:\\\/\\\/specialimo.com\\\/wp-content\\\/uploads\\\/2023\\\/12\\\/Lisboa_Descubra_As_Atracoes_Natalicias_Imperdiveis.jpeg\",\"width\":1000,\"height\":500},{\"@type\":\"BreadcrumbList\",\"@id\":\"https:\\\/\\\/specialimo.com\\\/2023\\\/12\\\/27\\\/lisboa-descubra-as-atracoes-natalicias-imperdiveis\\\/#breadcrumb\",\"itemListElement\":[{\"@type\":\"ListItem\",\"position\":1,\"name\":\"In\u00edcio\",\"item\":\"https:\\\/\\\/specialimo.com\\\/\"},{\"@type\":\"ListItem\",\"position\":2,\"name\":\"Lisboa: Descubra as atra\u00e7\u00f5es natal\u00edcias imperd\u00edveis\"}]},{\"@type\":\"WebSite\",\"@id\":\"https:\\\/\\\/specialimo.com\\\/#website\",\"url\":\"https:\\\/\\\/specialimo.com\\\/\",\"name\":\"Aluguer de carros e van com motorista - Specialimo\",\"description\":\" Aluguer de carros, van, minibus e autocarro com motorista\",\"publisher\":{\"@id\":\"https:\\\/\\\/specialimo.com\\\/#organization\"},\"potentialAction\":[{\"@type\":\"SearchAction\",\"target\":{\"@type\":\"EntryPoint\",\"urlTemplate\":\"https:\\\/\\\/specialimo.com\\\/?s={search_term_string}\"},\"query-input\":{\"@type\":\"PropertyValueSpecification\",\"valueRequired\":true,\"valueName\":\"search_term_string\"}}],\"inLanguage\":\"es\"},{\"@type\":\"Organization\",\"@id\":\"https:\\\/\\\/specialimo.com\\\/#organization\",\"name\":\"Aluguer de carros e van com motorista - Specialimo\",\"url\":\"https:\\\/\\\/specialimo.com\\\/\",\"logo\":{\"@type\":\"ImageObject\",\"inLanguage\":\"es\",\"@id\":\"https:\\\/\\\/specialimo.com\\\/#\\\/schema\\\/logo\\\/image\\\/\",\"url\":\"https:\\\/\\\/specialimo.com\\\/wp-content\\\/uploads\\\/2023\\\/10\\\/logo.png\",\"contentUrl\":\"https:\\\/\\\/specialimo.com\\\/wp-content\\\/uploads\\\/2023\\\/10\\\/logo.png\",\"width\":422,\"height\":165,\"caption\":\"Aluguer de carros e van com motorista - Specialimo\"},\"image\":{\"@id\":\"https:\\\/\\\/specialimo.com\\\/#\\\/schema\\\/logo\\\/image\\\/\"}},{\"@type\":\"Person\",\"@id\":\"https:\\\/\\\/specialimo.com\\\/#\\\/schema\\\/person\\\/ccddb6a0a6a9474417418b9019aa96f4\",\"name\":\"adminspc\",\"image\":{\"@type\":\"ImageObject\",\"inLanguage\":\"es\",\"@id\":\"https:\\\/\\\/secure.gravatar.com\\\/avatar\\\/9fbc8ff784e4e02a67c011ca8fdb1c8b13303bc2fc7a62d4cf327bee4cbf7d64?s=96&d=mm&r=g\",\"url\":\"https:\\\/\\\/secure.gravatar.com\\\/avatar\\\/9fbc8ff784e4e02a67c011ca8fdb1c8b13303bc2fc7a62d4cf327bee4cbf7d64?s=96&d=mm&r=g\",\"contentUrl\":\"https:\\\/\\\/secure.gravatar.com\\\/avatar\\\/9fbc8ff784e4e02a67c011ca8fdb1c8b13303bc2fc7a62d4cf327bee4cbf7d64?s=96&d=mm&r=g\",\"caption\":\"adminspc\"},\"sameAs\":[\"https:\\\/\\\/specialimo.codetec.pt\"],\"url\":\"https:\\\/\\\/specialimo.com\\\/es\\\/author\\\/adminspc\\\/\"}]}<\/script>\n<!-- \/ Yoast SEO plugin. -->","yoast_head_json":{"title":"Lisboa: Descubra as atra\u00e7\u00f5es natal\u00edcias imperd\u00edveis - Aluguer de carros e van com motorista - Specialimo","robots":{"index":"index","follow":"follow","max-snippet":"max-snippet:-1","max-image-preview":"max-image-preview:large","max-video-preview":"max-video-preview:-1"},"canonical":"https:\/\/specialimo.com\/es\/2023\/12\/27\/lisboa-descubra-as-atracoes-natalicias-imperdiveis\/","og_locale":"es_ES","og_type":"article","og_title":"Lisboa: Descubra as atra\u00e7\u00f5es natal\u00edcias imperd\u00edveis - Aluguer de carros e van com motorista - Specialimo","og_description":"Descubra a magia de Lisboa nesta temporada de Natal com suas atra\u00e7\u00f5es imperd\u00edveis. Com as suas luzes cintilantes, decora\u00e7\u00f5es exuberantes e esp\u00edrito festivo, a capital de Portugal ganha um charme especial, durante o Natal. Deixe-se encantar pelas ruas hist\u00f3ricas e aconchegantes da cidade, que se enchem de vida e anima\u00e7\u00e3o nesta \u00e9poca do ano. Tradi\u00e7\u00f5es [&hellip;]","og_url":"https:\/\/specialimo.com\/es\/2023\/12\/27\/lisboa-descubra-as-atracoes-natalicias-imperdiveis\/","og_site_name":"Aluguer de carros e van com motorista - Specialimo","article_published_time":"2023-12-27T17:23:18+00:00","article_modified_time":"2024-03-29T18:11:51+00:00","og_image":[{"width":1000,"height":500,"url":"https:\/\/specialimo.com\/wp-content\/uploads\/2023\/12\/Lisboa_Descubra_As_Atracoes_Natalicias_Imperdiveis.jpeg","type":"image\/jpeg"}],"author":"adminspc","twitter_card":"summary_large_image","twitter_misc":{"Escrito por":"adminspc","Tiempo de lectura":"5 minutos"},"schema":{"@context":"https:\/\/schema.org","@graph":[{"@type":"Article","@id":"https:\/\/specialimo.com\/2023\/12\/27\/lisboa-descubra-as-atracoes-natalicias-imperdiveis\/#article","isPartOf":{"@id":"https:\/\/specialimo.com\/2023\/12\/27\/lisboa-descubra-as-atracoes-natalicias-imperdiveis\/"},"author":{"name":"adminspc","@id":"https:\/\/specialimo.com\/#\/schema\/person\/ccddb6a0a6a9474417418b9019aa96f4"},"headline":"Lisboa: Descubra as atra\u00e7\u00f5es natal\u00edcias imperd\u00edveis","datePublished":"2023-12-27T17:23:18+00:00","dateModified":"2024-03-29T18:11:51+00:00","mainEntityOfPage":{"@id":"https:\/\/specialimo.com\/2023\/12\/27\/lisboa-descubra-as-atracoes-natalicias-imperdiveis\/"},"wordCount":921,"commentCount":0,"publisher":{"@id":"https:\/\/specialimo.com\/#organization"},"image":{"@id":"https:\/\/specialimo.com\/2023\/12\/27\/lisboa-descubra-as-atracoes-natalicias-imperdiveis\/#primaryimage"},"thumbnailUrl":"https:\/\/specialimo.com\/wp-content\/uploads\/2023\/12\/Lisboa_Descubra_As_Atracoes_Natalicias_Imperdiveis.jpeg","articleSection":["Lisboa"],"inLanguage":"es","potentialAction":[{"@type":"CommentAction","name":"Comment","target":["https:\/\/specialimo.com\/2023\/12\/27\/lisboa-descubra-as-atracoes-natalicias-imperdiveis\/#respond"]}]},{"@type":"WebPage","@id":"https:\/\/specialimo.com\/2023\/12\/27\/lisboa-descubra-as-atracoes-natalicias-imperdiveis\/","url":"https:\/\/specialimo.com\/2023\/12\/27\/lisboa-descubra-as-atracoes-natalicias-imperdiveis\/","name":"Lisboa: Descubra as atra\u00e7\u00f5es natal\u00edcias imperd\u00edveis - Aluguer de carros e van com motorista - Specialimo","isPartOf":{"@id":"https:\/\/specialimo.com\/#website"},"primaryImageOfPage":{"@id":"https:\/\/specialimo.com\/2023\/12\/27\/lisboa-descubra-as-atracoes-natalicias-imperdiveis\/#primaryimage"},"image":{"@id":"https:\/\/specialimo.com\/2023\/12\/27\/lisboa-descubra-as-atracoes-natalicias-imperdiveis\/#primaryimage"},"thumbnailUrl":"https:\/\/specialimo.com\/wp-content\/uploads\/2023\/12\/Lisboa_Descubra_As_Atracoes_Natalicias_Imperdiveis.jpeg","datePublished":"2023-12-27T17:23:18+00:00","dateModified":"2024-03-29T18:11:51+00:00","breadcrumb":{"@id":"https:\/\/specialimo.com\/2023\/12\/27\/lisboa-descubra-as-atracoes-natalicias-imperdiveis\/#breadcrumb"},"inLanguage":"es","potentialAction":[{"@type":"ReadAction","target":["https:\/\/specialimo.com\/2023\/12\/27\/lisboa-descubra-as-atracoes-natalicias-imperdiveis\/"]}]},{"@type":"ImageObject","inLanguage":"es","@id":"https:\/\/specialimo.com\/2023\/12\/27\/lisboa-descubra-as-atracoes-natalicias-imperdiveis\/#primaryimage","url":"https:\/\/specialimo.com\/wp-content\/uploads\/2023\/12\/Lisboa_Descubra_As_Atracoes_Natalicias_Imperdiveis.jpeg","contentUrl":"https:\/\/specialimo.com\/wp-content\/uploads\/2023\/12\/Lisboa_Descubra_As_Atracoes_Natalicias_Imperdiveis.jpeg","width":1000,"height":500},{"@type":"BreadcrumbList","@id":"https:\/\/specialimo.com\/2023\/12\/27\/lisboa-descubra-as-atracoes-natalicias-imperdiveis\/#breadcrumb","itemListElement":[{"@type":"ListItem","position":1,"name":"In\u00edcio","item":"https:\/\/specialimo.com\/"},{"@type":"ListItem","position":2,"name":"Lisboa: Descubra as atra\u00e7\u00f5es natal\u00edcias imperd\u00edveis"}]},{"@type":"WebSite","@id":"https:\/\/specialimo.com\/#website","url":"https:\/\/specialimo.com\/","name":"Aluguer de carros e van com motorista - Specialimo","description":"Aluguer de carros, van, minibus e autocarro com motorista","publisher":{"@id":"https:\/\/specialimo.com\/#organization"},"potentialAction":[{"@type":"SearchAction","target":{"@type":"EntryPoint","urlTemplate":"https:\/\/specialimo.com\/?s={search_term_string}"},"query-input":{"@type":"PropertyValueSpecification","valueRequired":true,"valueName":"search_term_string"}}],"inLanguage":"es"},{"@type":"Organization","@id":"https:\/\/specialimo.com\/#organization","name":"Aluguer de carros e van com motorista - Specialimo","url":"https:\/\/specialimo.com\/","logo":{"@type":"ImageObject","inLanguage":"es","@id":"https:\/\/specialimo.com\/#\/schema\/logo\/image\/","url":"https:\/\/specialimo.com\/wp-content\/uploads\/2023\/10\/logo.png","contentUrl":"https:\/\/specialimo.com\/wp-content\/uploads\/2023\/10\/logo.png","width":422,"height":165,"caption":"Aluguer de carros e van com motorista - Specialimo"},"image":{"@id":"https:\/\/specialimo.com\/#\/schema\/logo\/image\/"}},{"@type":"Person","@id":"https:\/\/specialimo.com\/#\/schema\/person\/ccddb6a0a6a9474417418b9019aa96f4","name":"adminspc","image":{"@type":"ImageObject","inLanguage":"es","@id":"https:\/\/secure.gravatar.com\/avatar\/9fbc8ff784e4e02a67c011ca8fdb1c8b13303bc2fc7a62d4cf327bee4cbf7d64?s=96&d=mm&r=g","url":"https:\/\/secure.gravatar.com\/avatar\/9fbc8ff784e4e02a67c011ca8fdb1c8b13303bc2fc7a62d4cf327bee4cbf7d64?s=96&d=mm&r=g","contentUrl":"https:\/\/secure.gravatar.com\/avatar\/9fbc8ff784e4e02a67c011ca8fdb1c8b13303bc2fc7a62d4cf327bee4cbf7d64?s=96&d=mm&r=g","caption":"adminspc"},"sameAs":["https:\/\/specialimo.codetec.pt"],"url":"https:\/\/specialimo.com\/es\/author\/adminspc\/"}]}},"_links":{"self":[{"href":"https:\/\/specialimo.com\/es\/wp-json\/wp\/v2\/posts\/3686","targetHints":{"allow":["GET"]}}],"collection":[{"href":"https:\/\/specialimo.com\/es\/wp-json\/wp\/v2\/posts"}],"about":[{"href":"https:\/\/specialimo.com\/es\/wp-json\/wp\/v2\/types\/post"}],"author":[{"embeddable":true,"href":"https:\/\/specialimo.com\/es\/wp-json\/wp\/v2\/users\/1"}],"replies":[{"embeddable":true,"href":"https:\/\/specialimo.com\/es\/wp-json\/wp\/v2\/comments?post=3686"}],"version-history":[{"count":1,"href":"https:\/\/specialimo.com\/es\/wp-json\/wp\/v2\/posts\/3686\/revisions"}],"predecessor-version":[{"id":3688,"href":"https:\/\/specialimo.com\/es\/wp-json\/wp\/v2\/posts\/3686\/revisions\/3688"}],"wp:featuredmedia":[{"embeddable":true,"href":"https:\/\/specialimo.com\/es\/wp-json\/wp\/v2\/media\/3687"}],"wp:attachment":[{"href":"https:\/\/specialimo.com\/es\/wp-json\/wp\/v2\/media?parent=3686"}],"wp:term":[{"taxonomy":"category","embeddable":true,"href":"https:\/\/specialimo.com\/es\/wp-json\/wp\/v2\/categories?post=3686"},{"taxonomy":"post_tag","embeddable":true,"href":"https:\/\/specialimo.com\/es\/wp-json\/wp\/v2\/tags?post=3686"}],"curies":[{"name":"wp","href":"https:\/\/api.w.org\/{rel}","templated":true}]}}