{"id":689,"date":"2023-10-11T14:26:06","date_gmt":"2023-10-11T14:26:06","guid":{"rendered":"https:\/\/specialimo.codetec.pt\/?p=689"},"modified":"2024-03-29T18:18:20","modified_gmt":"2024-03-29T18:18:20","slug":"10-dicas-para-organizar-um-evento-corporativo-de-sucesso","status":"publish","type":"post","link":"https:\/\/specialimo.com\/es\/2023\/10\/11\/10-dicas-para-organizar-um-evento-corporativo-de-sucesso\/","title":{"rendered":"10 Consejos para Organizar un Evento Corporativo Exitoso"},"content":{"rendered":"<p>Los <strong>eventos corporativos<\/strong> son una excelente manera de crear unidad en tu equipo, hacer <em>networking<\/em> con profesionales de la industria o lanzar un nuevo producto o servicio. Sin embargo, <strong>organizar un evento corporativo<\/strong> exitoso puede ser una tarea desafiante que requiere mucha planificaci\u00f3n, coordinaci\u00f3n y atenci\u00f3n a los detalles.<\/p>\n\n\n\n<p>Desde la elecci\u00f3n del lugar adecuado hasta la creaci\u00f3n de una experiencia memorable para tus invitados, hay muchos factores a tener en cuenta para el \u00e9xito de tu evento. Es por eso que hemos elaborado esta <strong>lista de consejos para organizar un evento corporativo exitoso.<\/strong>Ya sea que est\u00e9s planeando el lanzamiento de un producto, una conferencia o una actividad de <em>team building,<\/em>estos consejos te ayudar\u00e1n a lanzar un evento memorable y exitoso que alcance tus objetivos y supere las expectativas de tus invitados.<\/p>\n\n\n\n<h2 class=\"wp-block-heading\"><strong>Objetivo del Evento<\/strong><\/h2>\n\n\n\n<p>Antes de comenzar a planificar tu <strong>evento corporativo,<\/strong>necesitas definir su prop\u00f3sito y los objetivos del evento. \u00bfQu\u00e9 esperas lograr con este evento? \u00bfEs para el lanzamiento de un producto? \u00bfUna conferencia? <em>\u00bfTeam building?<\/em>?<\/p>\n\n\n\n<p>Si no tienes objetivos claros, ser\u00e1 dif\u00edcil medir el <strong>\u00e9xito del evento.<\/strong>Adem\u00e1s, al definir tus objetivos, puedes decidir qui\u00e9n debe asistir al evento y c\u00f3mo promocionarlo entre el p\u00fablico objetivo correcto.<\/p>\n\n\n\n<h2 class=\"wp-block-heading\"><strong>Determina el presupuesto y asigna recursos<\/strong><\/h2>\n\n\n\n<p>El siguiente paso es determinar un presupuesto para el evento. No importa el tama\u00f1o de tu evento, es necesario tener un presupuesto claro para poder planificar adecuadamente. Considera costos como el alquiler del lugar, los equipos necesarios, la comida, la promoci\u00f3n, la decoraci\u00f3n y el entretenimiento necesario.<\/p>\n\n\n\n<p>Una vez que tengas un presupuesto establecido, puedes comenzar a asignar recursos. \u00bfQui\u00e9n ser\u00e1 responsable de cada aspecto del evento? Aseg\u00farate de que cada persona tenga una lista clara de tareas y un cronograma para completar esas tareas.<\/p>\n\n\n\n<h2 class=\"wp-block-heading\"><strong>Crie um cronograma e planeie com anteced\u00eancia<\/strong><\/h2>\n\n\n\n<p>Al planificar un <strong>evento corporativo,<\/strong>, es importante tener un cronograma claro y prepararse con anticipaci\u00f3n. Esto significa que debes comenzar a planificar el evento al menos seis meses antes, dependiendo del tama\u00f1o del evento.<\/p>\n\n\n\n<p>Comienza por establecer una fecha y un lugar para el evento, y luego desarrolla tu trabajo a partir de ah\u00ed. Aseg\u00farate de que el lugar est\u00e9 disponible y res\u00e9rvalo con anticipaci\u00f3n. Luego, crea un plan de eventos detallado, que incluya horarios, actividades y otra informaci\u00f3n importante. Aseg\u00farate tambi\u00e9n de que todos los involucrados en la planificaci\u00f3n del evento tengan una copia del plan.<\/p>\n\n\n\n<h2 class=\"wp-block-heading\"><strong>Elige el lugar y los proveedores adecuados<\/strong><\/h2>\n\n\n\n<p>La elecci\u00f3n del lugar es crucial para el \u00e9xito de tu <strong>evento corporativo,<\/strong>Aseg\u00farate de que el lugar sea adecuado para el tama\u00f1o del evento y tenga las comodidades necesarias, como estacionamiento, cocina y ba\u00f1os adecuados.<\/p>\n\n\n\n<p>Adem\u00e1s, elige proveedores que puedan proporcionar servicios de calidad para tu evento, como transporte, catering, equipos de audio y video, decoraci\u00f3n y entretenimiento. Aseg\u00farate de que estos proveedores tengan un historial comprobado de servicios de calidad y que est\u00e9n disponibles para tu evento.<\/p>\n\n\n\n<h2 class=\"wp-block-heading\"><strong>Desarrolla un plan de marketing y promoci\u00f3n<\/strong><\/h2>\n\n\n\n<p>Para garantizar que un <strong>evento corporativo,<\/strong> evento corporativo sea exitoso, es necesario crear un plan de marketing y promoci\u00f3n efectivo. Esto puede incluir la creaci\u00f3n de un sitio web o una <em>p\u00e1gina de destino<\/em> del evento, el env\u00edo de invitaciones por correo electr\u00f3nico o correo postal, la promoci\u00f3n del evento en redes sociales o la publicaci\u00f3n de anuncios en peri\u00f3dicos o revistas del sector.<\/p>\n\n\n\n<p>No olvides que tambi\u00e9n necesitas involucrarte y comunicarte directamente con los participantes antes, durante y despu\u00e9s del evento. Puedes hacer esto enviando recordatorios antes del evento, desarrollando una aplicaci\u00f3n del evento, creando un <em>hashtag<\/em> o realizando encuestas de satisfacci\u00f3n despu\u00e9s del evento. De esta manera, puedes asegurarte de que los participantes se sientan valorados y de que sus necesidades sean atendidas.<\/p>\n\n\n\n<p>Aseg\u00farate de que tu mensaje sea claro y directo en todo momento de comunicaci\u00f3n y que el p\u00fablico objetivo est\u00e9 bien definido.<\/p>\n\n\n\n<h2 class=\"wp-block-heading\"><strong>Un evento corporativo exitoso<\/strong><\/h2>\n\n\n\n<p>Organizar un <strong>evento corporativo exitoso<\/strong> puede ser desafiante, pero con los consejos correctos, puedes crear una experiencia memorable para los participantes y alcanzar tus objetivos comerciales. Recuerda definir tus objetivos, determinar un presupuesto claro y asignar recursos, crear un cronograma detallado y planificar con anticipaci\u00f3n, elegir el lugar y los proveedores adecuados, desarrollar un plan de marketing y promoci\u00f3n efectivo, determinar la log\u00edstica y los detalles del evento, involucrarte y comunicarte con los participantes y evaluar y medir el \u00e9xito del evento.<\/p>","protected":false},"excerpt":{"rendered":"<p>Os eventos corporativos s\u00e3o uma \u00f3tima maneira de criar uni\u00e3o na sua equipa, fazer networking com profissionais da ind\u00fastria ou lan\u00e7ar um novo produto ou servi\u00e7o. No entanto, organizar um evento corporativo de sucesso pode ser uma tarefa assustadora que requer muito planeamento, coordena\u00e7\u00e3o e aten\u00e7\u00e3o aos detalhes. Desde a escolha do local certo at\u00e9 [&hellip;]<\/p>","protected":false},"author":1,"featured_media":690,"comment_status":"open","ping_status":"open","sticky":false,"template":"","format":"standard","meta":{"_eb_attr":"","ocean_post_layout":"","ocean_both_sidebars_style":"","ocean_both_sidebars_content_width":0,"ocean_both_sidebars_sidebars_width":0,"ocean_sidebar":"","ocean_second_sidebar":"","ocean_disable_margins":"enable","ocean_add_body_class":"","ocean_shortcode_before_top_bar":"","ocean_shortcode_after_top_bar":"","ocean_shortcode_before_header":"","ocean_shortcode_after_header":"","ocean_has_shortcode":"","ocean_shortcode_after_title":"","ocean_shortcode_before_footer_widgets":"","ocean_shortcode_after_footer_widgets":"","ocean_shortcode_before_footer_bottom":"","ocean_shortcode_after_footer_bottom":"","ocean_display_top_bar":"default","ocean_display_header":"default","ocean_header_style":"","ocean_center_header_left_menu":"","ocean_custom_header_template":"","ocean_custom_logo":0,"ocean_custom_retina_logo":0,"ocean_custom_logo_max_width":0,"ocean_custom_logo_tablet_max_width":0,"ocean_custom_logo_mobile_max_width":0,"ocean_custom_logo_max_height":0,"ocean_custom_logo_tablet_max_height":0,"ocean_custom_logo_mobile_max_height":0,"ocean_header_custom_menu":"","ocean_menu_typo_font_family":"","ocean_menu_typo_font_subset":"","ocean_menu_typo_font_size":0,"ocean_menu_typo_font_size_tablet":0,"ocean_menu_typo_font_size_mobile":0,"ocean_menu_typo_font_size_unit":"px","ocean_menu_typo_font_weight":"","ocean_menu_typo_font_weight_tablet":"","ocean_menu_typo_font_weight_mobile":"","ocean_menu_typo_transform":"","ocean_menu_typo_transform_tablet":"","ocean_menu_typo_transform_mobile":"","ocean_menu_typo_line_height":0,"ocean_menu_typo_line_height_tablet":0,"ocean_menu_typo_line_height_mobile":0,"ocean_menu_typo_line_height_unit":"","ocean_menu_typo_spacing":0,"ocean_menu_typo_spacing_tablet":0,"ocean_menu_typo_spacing_mobile":0,"ocean_menu_typo_spacing_unit":"","ocean_menu_link_color":"","ocean_menu_link_color_hover":"","ocean_menu_link_color_active":"","ocean_menu_link_background":"","ocean_menu_link_hover_background":"","ocean_menu_link_active_background":"","ocean_menu_social_links_bg":"","ocean_menu_social_hover_links_bg":"","ocean_menu_social_links_color":"","ocean_menu_social_hover_links_color":"","ocean_disable_title":"default","ocean_disable_heading":"default","ocean_post_title":"","ocean_post_subheading":"","ocean_post_title_style":"","ocean_post_title_background_color":"","ocean_post_title_background":0,"ocean_post_title_bg_image_position":"","ocean_post_title_bg_image_attachment":"","ocean_post_title_bg_image_repeat":"","ocean_post_title_bg_image_size":"","ocean_post_title_height":0,"ocean_post_title_bg_overlay":0.5,"ocean_post_title_bg_overlay_color":"","ocean_disable_breadcrumbs":"default","ocean_breadcrumbs_color":"","ocean_breadcrumbs_separator_color":"","ocean_breadcrumbs_links_color":"","ocean_breadcrumbs_links_hover_color":"","ocean_display_footer_widgets":"default","ocean_display_footer_bottom":"default","ocean_custom_footer_template":"","_joinchat":[],"ocean_post_oembed":"","ocean_post_self_hosted_media":"","ocean_post_video_embed":"","ocean_link_format":"","ocean_link_format_target":"self","ocean_quote_format":"","ocean_quote_format_link":"post","ocean_gallery_link_images":"on","ocean_gallery_id":[],"footnotes":""},"categories":[6],"tags":[21,19,20],"class_list":["post-689","post","type-post","status-publish","format-standard","has-post-thumbnail","hentry","category-corporate","tag-como-organizar-um-evento","tag-eventos-em-lisboa","tag-eventos-em-portugal","entry","has-media"],"yoast_head":"<!-- This site is optimized with the Yoast SEO plugin v27.4 - https:\/\/yoast.com\/product\/yoast-seo-wordpress\/ -->\n<title>10 Dicas para Organizar um Evento Corporativo de Sucesso - Aluguer de carros e van com motorista - Specialimo<\/title>\n<meta name=\"robots\" content=\"index, follow, max-snippet:-1, max-image-preview:large, max-video-preview:-1\" \/>\n<link rel=\"canonical\" href=\"https:\/\/specialimo.com\/es\/2023\/10\/11\/10-dicas-para-organizar-um-evento-corporativo-de-sucesso\/\" \/>\n<meta property=\"og:locale\" content=\"es_ES\" \/>\n<meta property=\"og:type\" content=\"article\" \/>\n<meta property=\"og:title\" content=\"10 Dicas para Organizar um Evento Corporativo de Sucesso - Aluguer de carros e van com motorista - Specialimo\" \/>\n<meta property=\"og:description\" content=\"Os eventos corporativos s\u00e3o uma \u00f3tima maneira de criar uni\u00e3o na sua equipa, fazer networking com profissionais da ind\u00fastria ou lan\u00e7ar um novo produto ou servi\u00e7o. No entanto, organizar um evento corporativo de sucesso pode ser uma tarefa assustadora que requer muito planeamento, coordena\u00e7\u00e3o e aten\u00e7\u00e3o aos detalhes. Desde a escolha do local certo at\u00e9 [&hellip;]\" \/>\n<meta property=\"og:url\" content=\"https:\/\/specialimo.com\/es\/2023\/10\/11\/10-dicas-para-organizar-um-evento-corporativo-de-sucesso\/\" \/>\n<meta property=\"og:site_name\" content=\"Aluguer de carros e van com motorista - Specialimo\" \/>\n<meta property=\"article:published_time\" content=\"2023-10-11T14:26:06+00:00\" \/>\n<meta property=\"article:modified_time\" content=\"2024-03-29T18:18:20+00:00\" \/>\n<meta property=\"og:image\" content=\"https:\/\/specialimo.com\/wp-content\/uploads\/2023\/10\/10DicasParaOrganizarUmEventoCorporativoDeSucesso.jpg\" \/>\n\t<meta property=\"og:image:width\" content=\"1920\" \/>\n\t<meta property=\"og:image:height\" content=\"1080\" \/>\n\t<meta property=\"og:image:type\" content=\"image\/jpeg\" \/>\n<meta name=\"author\" content=\"adminspc\" \/>\n<meta name=\"twitter:card\" content=\"summary_large_image\" \/>\n<meta name=\"twitter:label1\" content=\"Escrito por\" \/>\n\t<meta name=\"twitter:data1\" content=\"adminspc\" \/>\n\t<meta name=\"twitter:label2\" content=\"Tiempo de lectura\" \/>\n\t<meta name=\"twitter:data2\" content=\"4 minutos\" \/>\n<script type=\"application\/ld+json\" class=\"yoast-schema-graph\">{\"@context\":\"https:\\\/\\\/schema.org\",\"@graph\":[{\"@type\":\"Article\",\"@id\":\"https:\\\/\\\/specialimo.com\\\/2023\\\/10\\\/11\\\/10-dicas-para-organizar-um-evento-corporativo-de-sucesso\\\/#article\",\"isPartOf\":{\"@id\":\"https:\\\/\\\/specialimo.com\\\/2023\\\/10\\\/11\\\/10-dicas-para-organizar-um-evento-corporativo-de-sucesso\\\/\"},\"author\":{\"name\":\"adminspc\",\"@id\":\"https:\\\/\\\/specialimo.com\\\/#\\\/schema\\\/person\\\/ccddb6a0a6a9474417418b9019aa96f4\"},\"headline\":\"10 Dicas para Organizar um Evento Corporativo de Sucesso\",\"datePublished\":\"2023-10-11T14:26:06+00:00\",\"dateModified\":\"2024-03-29T18:18:20+00:00\",\"mainEntityOfPage\":{\"@id\":\"https:\\\/\\\/specialimo.com\\\/2023\\\/10\\\/11\\\/10-dicas-para-organizar-um-evento-corporativo-de-sucesso\\\/\"},\"wordCount\":836,\"commentCount\":0,\"publisher\":{\"@id\":\"https:\\\/\\\/specialimo.com\\\/#organization\"},\"image\":{\"@id\":\"https:\\\/\\\/specialimo.com\\\/2023\\\/10\\\/11\\\/10-dicas-para-organizar-um-evento-corporativo-de-sucesso\\\/#primaryimage\"},\"thumbnailUrl\":\"https:\\\/\\\/specialimo.com\\\/wp-content\\\/uploads\\\/2023\\\/10\\\/10DicasParaOrganizarUmEventoCorporativoDeSucesso.jpg\",\"keywords\":[\"Como organizar um evento\",\"Eventos em Lisboa\",\"Eventos em Portugal\"],\"articleSection\":[\"Corporate\"],\"inLanguage\":\"es\",\"potentialAction\":[{\"@type\":\"CommentAction\",\"name\":\"Comment\",\"target\":[\"https:\\\/\\\/specialimo.com\\\/2023\\\/10\\\/11\\\/10-dicas-para-organizar-um-evento-corporativo-de-sucesso\\\/#respond\"]}]},{\"@type\":\"WebPage\",\"@id\":\"https:\\\/\\\/specialimo.com\\\/2023\\\/10\\\/11\\\/10-dicas-para-organizar-um-evento-corporativo-de-sucesso\\\/\",\"url\":\"https:\\\/\\\/specialimo.com\\\/2023\\\/10\\\/11\\\/10-dicas-para-organizar-um-evento-corporativo-de-sucesso\\\/\",\"name\":\"10 Dicas para Organizar um Evento Corporativo de Sucesso - Aluguer de carros e van com motorista - Specialimo\",\"isPartOf\":{\"@id\":\"https:\\\/\\\/specialimo.com\\\/#website\"},\"primaryImageOfPage\":{\"@id\":\"https:\\\/\\\/specialimo.com\\\/2023\\\/10\\\/11\\\/10-dicas-para-organizar-um-evento-corporativo-de-sucesso\\\/#primaryimage\"},\"image\":{\"@id\":\"https:\\\/\\\/specialimo.com\\\/2023\\\/10\\\/11\\\/10-dicas-para-organizar-um-evento-corporativo-de-sucesso\\\/#primaryimage\"},\"thumbnailUrl\":\"https:\\\/\\\/specialimo.com\\\/wp-content\\\/uploads\\\/2023\\\/10\\\/10DicasParaOrganizarUmEventoCorporativoDeSucesso.jpg\",\"datePublished\":\"2023-10-11T14:26:06+00:00\",\"dateModified\":\"2024-03-29T18:18:20+00:00\",\"breadcrumb\":{\"@id\":\"https:\\\/\\\/specialimo.com\\\/2023\\\/10\\\/11\\\/10-dicas-para-organizar-um-evento-corporativo-de-sucesso\\\/#breadcrumb\"},\"inLanguage\":\"es\",\"potentialAction\":[{\"@type\":\"ReadAction\",\"target\":[\"https:\\\/\\\/specialimo.com\\\/2023\\\/10\\\/11\\\/10-dicas-para-organizar-um-evento-corporativo-de-sucesso\\\/\"]}]},{\"@type\":\"ImageObject\",\"inLanguage\":\"es\",\"@id\":\"https:\\\/\\\/specialimo.com\\\/2023\\\/10\\\/11\\\/10-dicas-para-organizar-um-evento-corporativo-de-sucesso\\\/#primaryimage\",\"url\":\"https:\\\/\\\/specialimo.com\\\/wp-content\\\/uploads\\\/2023\\\/10\\\/10DicasParaOrganizarUmEventoCorporativoDeSucesso.jpg\",\"contentUrl\":\"https:\\\/\\\/specialimo.com\\\/wp-content\\\/uploads\\\/2023\\\/10\\\/10DicasParaOrganizarUmEventoCorporativoDeSucesso.jpg\",\"width\":1920,\"height\":1080},{\"@type\":\"BreadcrumbList\",\"@id\":\"https:\\\/\\\/specialimo.com\\\/2023\\\/10\\\/11\\\/10-dicas-para-organizar-um-evento-corporativo-de-sucesso\\\/#breadcrumb\",\"itemListElement\":[{\"@type\":\"ListItem\",\"position\":1,\"name\":\"In\u00edcio\",\"item\":\"https:\\\/\\\/specialimo.com\\\/\"},{\"@type\":\"ListItem\",\"position\":2,\"name\":\"10 Dicas para Organizar um Evento Corporativo de Sucesso\"}]},{\"@type\":\"WebSite\",\"@id\":\"https:\\\/\\\/specialimo.com\\\/#website\",\"url\":\"https:\\\/\\\/specialimo.com\\\/\",\"name\":\"Aluguer de carros e van com motorista - Specialimo\",\"description\":\" Aluguer de carros, van, minibus e autocarro com motorista\",\"publisher\":{\"@id\":\"https:\\\/\\\/specialimo.com\\\/#organization\"},\"potentialAction\":[{\"@type\":\"SearchAction\",\"target\":{\"@type\":\"EntryPoint\",\"urlTemplate\":\"https:\\\/\\\/specialimo.com\\\/?s={search_term_string}\"},\"query-input\":{\"@type\":\"PropertyValueSpecification\",\"valueRequired\":true,\"valueName\":\"search_term_string\"}}],\"inLanguage\":\"es\"},{\"@type\":\"Organization\",\"@id\":\"https:\\\/\\\/specialimo.com\\\/#organization\",\"name\":\"Aluguer de carros e van com motorista - Specialimo\",\"url\":\"https:\\\/\\\/specialimo.com\\\/\",\"logo\":{\"@type\":\"ImageObject\",\"inLanguage\":\"es\",\"@id\":\"https:\\\/\\\/specialimo.com\\\/#\\\/schema\\\/logo\\\/image\\\/\",\"url\":\"https:\\\/\\\/specialimo.com\\\/wp-content\\\/uploads\\\/2023\\\/10\\\/logo.png\",\"contentUrl\":\"https:\\\/\\\/specialimo.com\\\/wp-content\\\/uploads\\\/2023\\\/10\\\/logo.png\",\"width\":422,\"height\":165,\"caption\":\"Aluguer de carros e van com motorista - Specialimo\"},\"image\":{\"@id\":\"https:\\\/\\\/specialimo.com\\\/#\\\/schema\\\/logo\\\/image\\\/\"}},{\"@type\":\"Person\",\"@id\":\"https:\\\/\\\/specialimo.com\\\/#\\\/schema\\\/person\\\/ccddb6a0a6a9474417418b9019aa96f4\",\"name\":\"adminspc\",\"image\":{\"@type\":\"ImageObject\",\"inLanguage\":\"es\",\"@id\":\"https:\\\/\\\/secure.gravatar.com\\\/avatar\\\/9fbc8ff784e4e02a67c011ca8fdb1c8b13303bc2fc7a62d4cf327bee4cbf7d64?s=96&d=mm&r=g\",\"url\":\"https:\\\/\\\/secure.gravatar.com\\\/avatar\\\/9fbc8ff784e4e02a67c011ca8fdb1c8b13303bc2fc7a62d4cf327bee4cbf7d64?s=96&d=mm&r=g\",\"contentUrl\":\"https:\\\/\\\/secure.gravatar.com\\\/avatar\\\/9fbc8ff784e4e02a67c011ca8fdb1c8b13303bc2fc7a62d4cf327bee4cbf7d64?s=96&d=mm&r=g\",\"caption\":\"adminspc\"},\"sameAs\":[\"https:\\\/\\\/specialimo.codetec.pt\"],\"url\":\"https:\\\/\\\/specialimo.com\\\/es\\\/author\\\/adminspc\\\/\"}]}<\/script>\n<!-- \/ Yoast SEO plugin. -->","yoast_head_json":{"title":"10 Dicas para Organizar um Evento Corporativo de Sucesso - Aluguer de carros e van com motorista - Specialimo","robots":{"index":"index","follow":"follow","max-snippet":"max-snippet:-1","max-image-preview":"max-image-preview:large","max-video-preview":"max-video-preview:-1"},"canonical":"https:\/\/specialimo.com\/es\/2023\/10\/11\/10-dicas-para-organizar-um-evento-corporativo-de-sucesso\/","og_locale":"es_ES","og_type":"article","og_title":"10 Dicas para Organizar um Evento Corporativo de Sucesso - Aluguer de carros e van com motorista - Specialimo","og_description":"Os eventos corporativos s\u00e3o uma \u00f3tima maneira de criar uni\u00e3o na sua equipa, fazer networking com profissionais da ind\u00fastria ou lan\u00e7ar um novo produto ou servi\u00e7o. No entanto, organizar um evento corporativo de sucesso pode ser uma tarefa assustadora que requer muito planeamento, coordena\u00e7\u00e3o e aten\u00e7\u00e3o aos detalhes. Desde a escolha do local certo at\u00e9 [&hellip;]","og_url":"https:\/\/specialimo.com\/es\/2023\/10\/11\/10-dicas-para-organizar-um-evento-corporativo-de-sucesso\/","og_site_name":"Aluguer de carros e van com motorista - Specialimo","article_published_time":"2023-10-11T14:26:06+00:00","article_modified_time":"2024-03-29T18:18:20+00:00","og_image":[{"width":1920,"height":1080,"url":"https:\/\/specialimo.com\/wp-content\/uploads\/2023\/10\/10DicasParaOrganizarUmEventoCorporativoDeSucesso.jpg","type":"image\/jpeg"}],"author":"adminspc","twitter_card":"summary_large_image","twitter_misc":{"Escrito por":"adminspc","Tiempo de lectura":"4 minutos"},"schema":{"@context":"https:\/\/schema.org","@graph":[{"@type":"Article","@id":"https:\/\/specialimo.com\/2023\/10\/11\/10-dicas-para-organizar-um-evento-corporativo-de-sucesso\/#article","isPartOf":{"@id":"https:\/\/specialimo.com\/2023\/10\/11\/10-dicas-para-organizar-um-evento-corporativo-de-sucesso\/"},"author":{"name":"adminspc","@id":"https:\/\/specialimo.com\/#\/schema\/person\/ccddb6a0a6a9474417418b9019aa96f4"},"headline":"10 Dicas para Organizar um Evento Corporativo de Sucesso","datePublished":"2023-10-11T14:26:06+00:00","dateModified":"2024-03-29T18:18:20+00:00","mainEntityOfPage":{"@id":"https:\/\/specialimo.com\/2023\/10\/11\/10-dicas-para-organizar-um-evento-corporativo-de-sucesso\/"},"wordCount":836,"commentCount":0,"publisher":{"@id":"https:\/\/specialimo.com\/#organization"},"image":{"@id":"https:\/\/specialimo.com\/2023\/10\/11\/10-dicas-para-organizar-um-evento-corporativo-de-sucesso\/#primaryimage"},"thumbnailUrl":"https:\/\/specialimo.com\/wp-content\/uploads\/2023\/10\/10DicasParaOrganizarUmEventoCorporativoDeSucesso.jpg","keywords":["Como organizar um evento","Eventos em Lisboa","Eventos em Portugal"],"articleSection":["Corporate"],"inLanguage":"es","potentialAction":[{"@type":"CommentAction","name":"Comment","target":["https:\/\/specialimo.com\/2023\/10\/11\/10-dicas-para-organizar-um-evento-corporativo-de-sucesso\/#respond"]}]},{"@type":"WebPage","@id":"https:\/\/specialimo.com\/2023\/10\/11\/10-dicas-para-organizar-um-evento-corporativo-de-sucesso\/","url":"https:\/\/specialimo.com\/2023\/10\/11\/10-dicas-para-organizar-um-evento-corporativo-de-sucesso\/","name":"10 Dicas para Organizar um Evento Corporativo de Sucesso - Aluguer de carros e van com motorista - Specialimo","isPartOf":{"@id":"https:\/\/specialimo.com\/#website"},"primaryImageOfPage":{"@id":"https:\/\/specialimo.com\/2023\/10\/11\/10-dicas-para-organizar-um-evento-corporativo-de-sucesso\/#primaryimage"},"image":{"@id":"https:\/\/specialimo.com\/2023\/10\/11\/10-dicas-para-organizar-um-evento-corporativo-de-sucesso\/#primaryimage"},"thumbnailUrl":"https:\/\/specialimo.com\/wp-content\/uploads\/2023\/10\/10DicasParaOrganizarUmEventoCorporativoDeSucesso.jpg","datePublished":"2023-10-11T14:26:06+00:00","dateModified":"2024-03-29T18:18:20+00:00","breadcrumb":{"@id":"https:\/\/specialimo.com\/2023\/10\/11\/10-dicas-para-organizar-um-evento-corporativo-de-sucesso\/#breadcrumb"},"inLanguage":"es","potentialAction":[{"@type":"ReadAction","target":["https:\/\/specialimo.com\/2023\/10\/11\/10-dicas-para-organizar-um-evento-corporativo-de-sucesso\/"]}]},{"@type":"ImageObject","inLanguage":"es","@id":"https:\/\/specialimo.com\/2023\/10\/11\/10-dicas-para-organizar-um-evento-corporativo-de-sucesso\/#primaryimage","url":"https:\/\/specialimo.com\/wp-content\/uploads\/2023\/10\/10DicasParaOrganizarUmEventoCorporativoDeSucesso.jpg","contentUrl":"https:\/\/specialimo.com\/wp-content\/uploads\/2023\/10\/10DicasParaOrganizarUmEventoCorporativoDeSucesso.jpg","width":1920,"height":1080},{"@type":"BreadcrumbList","@id":"https:\/\/specialimo.com\/2023\/10\/11\/10-dicas-para-organizar-um-evento-corporativo-de-sucesso\/#breadcrumb","itemListElement":[{"@type":"ListItem","position":1,"name":"In\u00edcio","item":"https:\/\/specialimo.com\/"},{"@type":"ListItem","position":2,"name":"10 Dicas para Organizar um Evento Corporativo de Sucesso"}]},{"@type":"WebSite","@id":"https:\/\/specialimo.com\/#website","url":"https:\/\/specialimo.com\/","name":"Aluguer de carros e van com motorista - Specialimo","description":"Aluguer de carros, van, minibus e autocarro com motorista","publisher":{"@id":"https:\/\/specialimo.com\/#organization"},"potentialAction":[{"@type":"SearchAction","target":{"@type":"EntryPoint","urlTemplate":"https:\/\/specialimo.com\/?s={search_term_string}"},"query-input":{"@type":"PropertyValueSpecification","valueRequired":true,"valueName":"search_term_string"}}],"inLanguage":"es"},{"@type":"Organization","@id":"https:\/\/specialimo.com\/#organization","name":"Aluguer de carros e van com motorista - Specialimo","url":"https:\/\/specialimo.com\/","logo":{"@type":"ImageObject","inLanguage":"es","@id":"https:\/\/specialimo.com\/#\/schema\/logo\/image\/","url":"https:\/\/specialimo.com\/wp-content\/uploads\/2023\/10\/logo.png","contentUrl":"https:\/\/specialimo.com\/wp-content\/uploads\/2023\/10\/logo.png","width":422,"height":165,"caption":"Aluguer de carros e van com motorista - Specialimo"},"image":{"@id":"https:\/\/specialimo.com\/#\/schema\/logo\/image\/"}},{"@type":"Person","@id":"https:\/\/specialimo.com\/#\/schema\/person\/ccddb6a0a6a9474417418b9019aa96f4","name":"adminspc","image":{"@type":"ImageObject","inLanguage":"es","@id":"https:\/\/secure.gravatar.com\/avatar\/9fbc8ff784e4e02a67c011ca8fdb1c8b13303bc2fc7a62d4cf327bee4cbf7d64?s=96&d=mm&r=g","url":"https:\/\/secure.gravatar.com\/avatar\/9fbc8ff784e4e02a67c011ca8fdb1c8b13303bc2fc7a62d4cf327bee4cbf7d64?s=96&d=mm&r=g","contentUrl":"https:\/\/secure.gravatar.com\/avatar\/9fbc8ff784e4e02a67c011ca8fdb1c8b13303bc2fc7a62d4cf327bee4cbf7d64?s=96&d=mm&r=g","caption":"adminspc"},"sameAs":["https:\/\/specialimo.codetec.pt"],"url":"https:\/\/specialimo.com\/es\/author\/adminspc\/"}]}},"_links":{"self":[{"href":"https:\/\/specialimo.com\/es\/wp-json\/wp\/v2\/posts\/689","targetHints":{"allow":["GET"]}}],"collection":[{"href":"https:\/\/specialimo.com\/es\/wp-json\/wp\/v2\/posts"}],"about":[{"href":"https:\/\/specialimo.com\/es\/wp-json\/wp\/v2\/types\/post"}],"author":[{"embeddable":true,"href":"https:\/\/specialimo.com\/es\/wp-json\/wp\/v2\/users\/1"}],"replies":[{"embeddable":true,"href":"https:\/\/specialimo.com\/es\/wp-json\/wp\/v2\/comments?post=689"}],"version-history":[{"count":1,"href":"https:\/\/specialimo.com\/es\/wp-json\/wp\/v2\/posts\/689\/revisions"}],"predecessor-version":[{"id":691,"href":"https:\/\/specialimo.com\/es\/wp-json\/wp\/v2\/posts\/689\/revisions\/691"}],"wp:featuredmedia":[{"embeddable":true,"href":"https:\/\/specialimo.com\/es\/wp-json\/wp\/v2\/media\/690"}],"wp:attachment":[{"href":"https:\/\/specialimo.com\/es\/wp-json\/wp\/v2\/media?parent=689"}],"wp:term":[{"taxonomy":"category","embeddable":true,"href":"https:\/\/specialimo.com\/es\/wp-json\/wp\/v2\/categories?post=689"},{"taxonomy":"post_tag","embeddable":true,"href":"https:\/\/specialimo.com\/es\/wp-json\/wp\/v2\/tags?post=689"}],"curies":[{"name":"wp","href":"https:\/\/api.w.org\/{rel}","templated":true}]}}