{"id":692,"date":"2023-10-11T14:30:21","date_gmt":"2023-10-11T14:30:21","guid":{"rendered":"https:\/\/specialimo.codetec.pt\/?p=692"},"modified":"2024-03-29T18:17:22","modified_gmt":"2024-03-29T18:17:22","slug":"porque-e-que-um-carro-com-motorista-e-o-derradeiro-luxo-para-um-evento-especial","status":"publish","type":"post","link":"https:\/\/specialimo.com\/es\/2023\/10\/11\/porque-e-que-um-carro-com-motorista-e-o-derradeiro-luxo-para-um-evento-especial\/","title":{"rendered":"Porque un coche con conductor es el \u00faltimo lujo para un evento especial"},"content":{"rendered":"<p>Es innegable que llegar con estilo en un <strong>autom\u00f3vil de lujo con un conductor privado<\/strong> es una declaraci\u00f3n de sofisticaci\u00f3n. Ya sea una boda, una reuni\u00f3n de negocios u otro evento especial, el transporte en el que llegas es tan importante como lo que vistes. \u00bfY qu\u00e9 mejor manera de hacer una gran entrada que en un <strong>autom\u00f3vil sofisticado con un conductor privado?<\/strong>?<\/p>\n\n\n\n<p>Para muchos, contratar <strong>un autom\u00f3vil con conductor privado<\/strong> es el m\u00e1ximo s\u00edmbolo de gran estilo. No solo agrega un toque de glamour a tu evento, sino que tambi\u00e9n te permite tener un viaje m\u00e1s seguro. Puedes sentarte, relajarte y disfrutar del viaje mientras tu <strong>conductor personal<\/strong> se encarga del tr\u00e1fico y el estacionamiento.<\/p>\n\n\n\n<p>En este art\u00edculo, te explicaremos las razones por las cuales un <strong>autom\u00f3vil de lujo con un conductor privado<\/strong> es la elecci\u00f3n correcta para un evento o ocasi\u00f3n especial.<\/p>\n\n\n\n<h2 class=\"wp-block-heading\"><strong>Beneficios de alquilar un autom\u00f3vil con conductor privado para eventos especiales<\/strong><\/h2>\n\n\n\n<p><strong>Alquilar un autom\u00f3vil con conductor<\/strong> para un evento especial ofrece m\u00e1s que solo un transporte lujoso. Ofrece una serie de beneficios que pueden hacer que tu evento sea a\u00fan m\u00e1s memorable. Aqu\u00ed hay algunas ventajas de alquilar un <strong>alquilar un autom\u00f3vil con conductor privado<\/strong>:<\/p>\n\n\n\n<h3 class=\"wp-block-heading\"><strong>Confort y conveniencia<\/strong><\/h3>\n\n\n\n<p>La principal ventaja de <strong>alquilar un autom\u00f3vil con conductor<\/strong> para tu evento especial es el confort y la conveniencia que proporciona. A diferencia de usar tu propio autom\u00f3vil, no tienes que preocuparte por el tr\u00e1fico, el estacionamiento o conducir en carreteras desconocidas. Puedes sentarte, relajarte y disfrutar del paseo mientras tu <strong>conductor personal<\/strong> se encarga de todo.<\/p>\n\n\n\n<h3 class=\"wp-block-heading\"><strong>Seguridad y protecci\u00f3n<\/strong><\/h3>\n\n\n\n<p>Otro <strong>beneficio de alquilar un autom\u00f3vil con conductor<\/strong> es la seguridad que proporciona. Los conductores profesionales est\u00e1n capacitados para conducir de manera segura y tienen un buen conocimiento de las carreteras. Adem\u00e1s, alquilar <strong>alquilar un autom\u00f3vil con conductor privado<\/strong> reduce el riesgo de accidentes causados por conducir bajo la influencia del alcohol, lo cual es un problema com\u00fan durante eventos especiales si conduces tu propio autom\u00f3vil.<\/p>\n\n\n\n<h3 class=\"wp-block-heading\"><strong>Estilo y lujo<\/strong><\/h3>\n\n\n\n<p><strong>Alquilar un autom\u00f3vil con conductor<\/strong> agrega un toque de glamour a tu evento. Es una declaraci\u00f3n de estilo y sofisticaci\u00f3n que te har\u00e1 destacar entre la multitud. En nuestra empresa, puedes elegir entre una <strong>amplia gama de autom\u00f3viles de lujo<\/strong> que se adaptar\u00e1n a tu gusto y estilo. Desde limusinas cl\u00e1sicas hasta autom\u00f3viles deportivos modernos, hay un autom\u00f3vil con conductor para cada ocasi\u00f3n.<\/p>\n\n\n\n<h2 class=\"wp-block-heading\"><strong>Tipos de eventos especiales para usar un autom\u00f3vil con conductor privado<\/strong><\/h2>\n\n\n\n<p>Los <strong>autom\u00f3viles con conductor privado<\/strong> son perfectos para cualquier ocasi\u00f3n especial que requiera un transporte lujoso. Aqu\u00ed hay algunos tipos <strong>de eventos perfectos para contratar un autom\u00f3vil de lujo con conductor:<\/strong>:<\/p>\n\n\n\n<h3 class=\"wp-block-heading\"><strong>Bodas<\/strong><\/h3>\n\n\n\n<p>Las bodas son uno de los eventos m\u00e1s populares para <strong>alquilar un autom\u00f3vil con conductor<\/strong>Un <strong>autom\u00f3vil lujoso<\/strong> agrega un toque de glamour a cualquier boda y permite que los novios lleguen con estilo. Tambi\u00e9n proporciona un viaje c\u00f3modo y tranquilo para la futura pareja, que puede relajarse y disfrutar del momento hasta llegar a la iglesia, mientras su conductor se encarga de conducir.<\/p>\n\n\n\n<h3 class=\"wp-block-heading\"><strong>Bailes de graduaci\u00f3n<\/strong><\/h3>\n\n\n\n<p>Los bailes de graduaci\u00f3n son otro tipo de evento en el que un <strong>autom\u00f3vil con conductor privado<\/strong> es obligatorio. Es un evento \u00fanico en la vida de muchos estudiantes y llegar en un <strong>autom\u00f3vil lujoso<\/strong> lo har\u00e1 a\u00fan m\u00e1s especial. Tambi\u00e9n proporciona un modo de transporte seguro y conveniente para los estudiantes, que pueden disfrutar de la noche sin tener que preocuparse por ir y volver a casa.<\/p>\n\n\n\n<h3 class=\"wp-block-heading\"><strong>Reuniones de negocios<\/strong><\/h3>\n\n\n\n<p>Las reuniones de negocios son ocasiones perfectas para <strong>contratar un autom\u00f3vil con conductor.<\/strong>Esto proporciona un espacio c\u00f3modo y privado para que los empresarios se preparen para su reuni\u00f3n y tambi\u00e9n garantiza que lleguen a tiempo y con estilo. Es una excelente manera de causar una buena primera impresi\u00f3n a tus clientes y socios.<\/p>\n\n\n\n<h2 class=\"wp-block-heading\"><strong>Conclusi\u00f3n<\/strong><\/h2>\n\n\n\n<p>En conclusi\u00f3n, <strong>alquilar un autom\u00f3vil con conductor privado<\/strong> para un evento especial es un toque de lujo esencial. Ya sea una boda, un baile de graduaci\u00f3n, una reuni\u00f3n de negocios u otra ocasi\u00f3n especial, un <strong>autom\u00f3vil de lujo con conductor<\/strong> es la elecci\u00f3n perfecta para llegar con estilo. Por lo tanto, ponte en contacto con nosotros y reserva un autom\u00f3vil con conductor para tu pr\u00f3ximo evento.<\/p>","protected":false},"excerpt":{"rendered":"<p>\u00c9 ineg\u00e1vel que chegar em grande estilo com um carro de luxo com motorista privado \u00e9 uma declara\u00e7\u00e3o de sofistica\u00e7\u00e3o. Quer se trate de um casamento, uma reuni\u00e3o de neg\u00f3cios ou outro evento especial, o transporte em que se chega \u00e9 t\u00e3o importante como o que se veste. E que melhor forma de fazer uma [&hellip;]<\/p>","protected":false},"author":1,"featured_media":693,"comment_status":"open","ping_status":"open","sticky":false,"template":"","format":"standard","meta":{"_eb_attr":"","ocean_post_layout":"","ocean_both_sidebars_style":"","ocean_both_sidebars_content_width":0,"ocean_both_sidebars_sidebars_width":0,"ocean_sidebar":"","ocean_second_sidebar":"","ocean_disable_margins":"enable","ocean_add_body_class":"","ocean_shortcode_before_top_bar":"","ocean_shortcode_after_top_bar":"","ocean_shortcode_before_header":"","ocean_shortcode_after_header":"","ocean_has_shortcode":"","ocean_shortcode_after_title":"","ocean_shortcode_before_footer_widgets":"","ocean_shortcode_after_footer_widgets":"","ocean_shortcode_before_footer_bottom":"","ocean_shortcode_after_footer_bottom":"","ocean_display_top_bar":"default","ocean_display_header":"default","ocean_header_style":"","ocean_center_header_left_menu":"","ocean_custom_header_template":"","ocean_custom_logo":0,"ocean_custom_retina_logo":0,"ocean_custom_logo_max_width":0,"ocean_custom_logo_tablet_max_width":0,"ocean_custom_logo_mobile_max_width":0,"ocean_custom_logo_max_height":0,"ocean_custom_logo_tablet_max_height":0,"ocean_custom_logo_mobile_max_height":0,"ocean_header_custom_menu":"","ocean_menu_typo_font_family":"","ocean_menu_typo_font_subset":"","ocean_menu_typo_font_size":0,"ocean_menu_typo_font_size_tablet":0,"ocean_menu_typo_font_size_mobile":0,"ocean_menu_typo_font_size_unit":"px","ocean_menu_typo_font_weight":"","ocean_menu_typo_font_weight_tablet":"","ocean_menu_typo_font_weight_mobile":"","ocean_menu_typo_transform":"","ocean_menu_typo_transform_tablet":"","ocean_menu_typo_transform_mobile":"","ocean_menu_typo_line_height":0,"ocean_menu_typo_line_height_tablet":0,"ocean_menu_typo_line_height_mobile":0,"ocean_menu_typo_line_height_unit":"","ocean_menu_typo_spacing":0,"ocean_menu_typo_spacing_tablet":0,"ocean_menu_typo_spacing_mobile":0,"ocean_menu_typo_spacing_unit":"","ocean_menu_link_color":"","ocean_menu_link_color_hover":"","ocean_menu_link_color_active":"","ocean_menu_link_background":"","ocean_menu_link_hover_background":"","ocean_menu_link_active_background":"","ocean_menu_social_links_bg":"","ocean_menu_social_hover_links_bg":"","ocean_menu_social_links_color":"","ocean_menu_social_hover_links_color":"","ocean_disable_title":"default","ocean_disable_heading":"default","ocean_post_title":"","ocean_post_subheading":"","ocean_post_title_style":"","ocean_post_title_background_color":"","ocean_post_title_background":0,"ocean_post_title_bg_image_position":"","ocean_post_title_bg_image_attachment":"","ocean_post_title_bg_image_repeat":"","ocean_post_title_bg_image_size":"","ocean_post_title_height":0,"ocean_post_title_bg_overlay":0.5,"ocean_post_title_bg_overlay_color":"","ocean_disable_breadcrumbs":"default","ocean_breadcrumbs_color":"","ocean_breadcrumbs_separator_color":"","ocean_breadcrumbs_links_color":"","ocean_breadcrumbs_links_hover_color":"","ocean_display_footer_widgets":"default","ocean_display_footer_bottom":"default","ocean_custom_footer_template":"","_joinchat":[],"ocean_post_oembed":"","ocean_post_self_hosted_media":"","ocean_post_video_embed":"","ocean_link_format":"","ocean_link_format_target":"self","ocean_quote_format":"","ocean_quote_format_link":"post","ocean_gallery_link_images":"on","ocean_gallery_id":[],"footnotes":""},"categories":[22],"tags":[23],"class_list":["post-692","post","type-post","status-publish","format-standard","has-post-thumbnail","hentry","category-carro-com-motorista-privado","tag-carro-com-motorista-privado","entry","has-media"],"yoast_head":"<!-- This site is optimized with the Yoast SEO plugin v27.4 - https:\/\/yoast.com\/product\/yoast-seo-wordpress\/ -->\n<title>Porque \u00e9 que um carro com motorista \u00e9 o derradeiro luxo para um evento especial - Aluguer de carros e van com motorista - Specialimo<\/title>\n<meta name=\"robots\" content=\"index, follow, max-snippet:-1, max-image-preview:large, max-video-preview:-1\" \/>\n<link rel=\"canonical\" href=\"https:\/\/specialimo.com\/es\/2023\/10\/11\/porque-e-que-um-carro-com-motorista-e-o-derradeiro-luxo-para-um-evento-especial\/\" \/>\n<meta property=\"og:locale\" content=\"es_ES\" \/>\n<meta property=\"og:type\" content=\"article\" \/>\n<meta property=\"og:title\" content=\"Porque \u00e9 que um carro com motorista \u00e9 o derradeiro luxo para um evento especial - Aluguer de carros e van com motorista - Specialimo\" \/>\n<meta property=\"og:description\" content=\"\u00c9 ineg\u00e1vel que chegar em grande estilo com um carro de luxo com motorista privado \u00e9 uma declara\u00e7\u00e3o de sofistica\u00e7\u00e3o. Quer se trate de um casamento, uma reuni\u00e3o de neg\u00f3cios ou outro evento especial, o transporte em que se chega \u00e9 t\u00e3o importante como o que se veste. E que melhor forma de fazer uma [&hellip;]\" \/>\n<meta property=\"og:url\" content=\"https:\/\/specialimo.com\/es\/2023\/10\/11\/porque-e-que-um-carro-com-motorista-e-o-derradeiro-luxo-para-um-evento-especial\/\" \/>\n<meta property=\"og:site_name\" content=\"Aluguer de carros e van com motorista - Specialimo\" \/>\n<meta property=\"article:published_time\" content=\"2023-10-11T14:30:21+00:00\" \/>\n<meta property=\"article:modified_time\" content=\"2024-03-29T18:17:22+00:00\" \/>\n<meta property=\"og:image\" content=\"https:\/\/specialimo.com\/wp-content\/uploads\/2023\/10\/1_PorqueEQueUmCarroComMotoristaEODerradeiroLuxoParaUmaOcasiaoEspecial.jpg\" \/>\n\t<meta property=\"og:image:width\" content=\"1920\" \/>\n\t<meta property=\"og:image:height\" content=\"1080\" \/>\n\t<meta property=\"og:image:type\" content=\"image\/jpeg\" \/>\n<meta name=\"author\" content=\"adminspc\" \/>\n<meta name=\"twitter:card\" content=\"summary_large_image\" \/>\n<meta name=\"twitter:label1\" content=\"Escrito por\" \/>\n\t<meta name=\"twitter:data1\" content=\"adminspc\" \/>\n\t<meta name=\"twitter:label2\" content=\"Tiempo de lectura\" \/>\n\t<meta name=\"twitter:data2\" content=\"4 minutos\" \/>\n<script type=\"application\/ld+json\" class=\"yoast-schema-graph\">{\"@context\":\"https:\\\/\\\/schema.org\",\"@graph\":[{\"@type\":\"Article\",\"@id\":\"https:\\\/\\\/specialimo.com\\\/2023\\\/10\\\/11\\\/porque-e-que-um-carro-com-motorista-e-o-derradeiro-luxo-para-um-evento-especial\\\/#article\",\"isPartOf\":{\"@id\":\"https:\\\/\\\/specialimo.com\\\/2023\\\/10\\\/11\\\/porque-e-que-um-carro-com-motorista-e-o-derradeiro-luxo-para-um-evento-especial\\\/\"},\"author\":{\"name\":\"adminspc\",\"@id\":\"https:\\\/\\\/specialimo.com\\\/#\\\/schema\\\/person\\\/ccddb6a0a6a9474417418b9019aa96f4\"},\"headline\":\"Porque \u00e9 que um carro com motorista \u00e9 o derradeiro luxo para um evento especial\",\"datePublished\":\"2023-10-11T14:30:21+00:00\",\"dateModified\":\"2024-03-29T18:17:22+00:00\",\"mainEntityOfPage\":{\"@id\":\"https:\\\/\\\/specialimo.com\\\/2023\\\/10\\\/11\\\/porque-e-que-um-carro-com-motorista-e-o-derradeiro-luxo-para-um-evento-especial\\\/\"},\"wordCount\":763,\"commentCount\":0,\"publisher\":{\"@id\":\"https:\\\/\\\/specialimo.com\\\/#organization\"},\"image\":{\"@id\":\"https:\\\/\\\/specialimo.com\\\/2023\\\/10\\\/11\\\/porque-e-que-um-carro-com-motorista-e-o-derradeiro-luxo-para-um-evento-especial\\\/#primaryimage\"},\"thumbnailUrl\":\"https:\\\/\\\/specialimo.com\\\/wp-content\\\/uploads\\\/2023\\\/10\\\/1_PorqueEQueUmCarroComMotoristaEODerradeiroLuxoParaUmaOcasiaoEspecial.jpg\",\"keywords\":[\"Carro com Motorista Privado\"],\"articleSection\":[\"Carro com Motorista Privado\"],\"inLanguage\":\"es\",\"potentialAction\":[{\"@type\":\"CommentAction\",\"name\":\"Comment\",\"target\":[\"https:\\\/\\\/specialimo.com\\\/2023\\\/10\\\/11\\\/porque-e-que-um-carro-com-motorista-e-o-derradeiro-luxo-para-um-evento-especial\\\/#respond\"]}]},{\"@type\":\"WebPage\",\"@id\":\"https:\\\/\\\/specialimo.com\\\/2023\\\/10\\\/11\\\/porque-e-que-um-carro-com-motorista-e-o-derradeiro-luxo-para-um-evento-especial\\\/\",\"url\":\"https:\\\/\\\/specialimo.com\\\/2023\\\/10\\\/11\\\/porque-e-que-um-carro-com-motorista-e-o-derradeiro-luxo-para-um-evento-especial\\\/\",\"name\":\"Porque \u00e9 que um carro com motorista \u00e9 o derradeiro luxo para um evento especial - Aluguer de carros e van com motorista - Specialimo\",\"isPartOf\":{\"@id\":\"https:\\\/\\\/specialimo.com\\\/#website\"},\"primaryImageOfPage\":{\"@id\":\"https:\\\/\\\/specialimo.com\\\/2023\\\/10\\\/11\\\/porque-e-que-um-carro-com-motorista-e-o-derradeiro-luxo-para-um-evento-especial\\\/#primaryimage\"},\"image\":{\"@id\":\"https:\\\/\\\/specialimo.com\\\/2023\\\/10\\\/11\\\/porque-e-que-um-carro-com-motorista-e-o-derradeiro-luxo-para-um-evento-especial\\\/#primaryimage\"},\"thumbnailUrl\":\"https:\\\/\\\/specialimo.com\\\/wp-content\\\/uploads\\\/2023\\\/10\\\/1_PorqueEQueUmCarroComMotoristaEODerradeiroLuxoParaUmaOcasiaoEspecial.jpg\",\"datePublished\":\"2023-10-11T14:30:21+00:00\",\"dateModified\":\"2024-03-29T18:17:22+00:00\",\"breadcrumb\":{\"@id\":\"https:\\\/\\\/specialimo.com\\\/2023\\\/10\\\/11\\\/porque-e-que-um-carro-com-motorista-e-o-derradeiro-luxo-para-um-evento-especial\\\/#breadcrumb\"},\"inLanguage\":\"es\",\"potentialAction\":[{\"@type\":\"ReadAction\",\"target\":[\"https:\\\/\\\/specialimo.com\\\/2023\\\/10\\\/11\\\/porque-e-que-um-carro-com-motorista-e-o-derradeiro-luxo-para-um-evento-especial\\\/\"]}]},{\"@type\":\"ImageObject\",\"inLanguage\":\"es\",\"@id\":\"https:\\\/\\\/specialimo.com\\\/2023\\\/10\\\/11\\\/porque-e-que-um-carro-com-motorista-e-o-derradeiro-luxo-para-um-evento-especial\\\/#primaryimage\",\"url\":\"https:\\\/\\\/specialimo.com\\\/wp-content\\\/uploads\\\/2023\\\/10\\\/1_PorqueEQueUmCarroComMotoristaEODerradeiroLuxoParaUmaOcasiaoEspecial.jpg\",\"contentUrl\":\"https:\\\/\\\/specialimo.com\\\/wp-content\\\/uploads\\\/2023\\\/10\\\/1_PorqueEQueUmCarroComMotoristaEODerradeiroLuxoParaUmaOcasiaoEspecial.jpg\",\"width\":1920,\"height\":1080},{\"@type\":\"BreadcrumbList\",\"@id\":\"https:\\\/\\\/specialimo.com\\\/2023\\\/10\\\/11\\\/porque-e-que-um-carro-com-motorista-e-o-derradeiro-luxo-para-um-evento-especial\\\/#breadcrumb\",\"itemListElement\":[{\"@type\":\"ListItem\",\"position\":1,\"name\":\"In\u00edcio\",\"item\":\"https:\\\/\\\/specialimo.com\\\/\"},{\"@type\":\"ListItem\",\"position\":2,\"name\":\"Porque \u00e9 que um carro com motorista \u00e9 o derradeiro luxo para um evento especial\"}]},{\"@type\":\"WebSite\",\"@id\":\"https:\\\/\\\/specialimo.com\\\/#website\",\"url\":\"https:\\\/\\\/specialimo.com\\\/\",\"name\":\"Aluguer de carros e van com motorista - Specialimo\",\"description\":\" Aluguer de carros, van, minibus e autocarro com motorista\",\"publisher\":{\"@id\":\"https:\\\/\\\/specialimo.com\\\/#organization\"},\"potentialAction\":[{\"@type\":\"SearchAction\",\"target\":{\"@type\":\"EntryPoint\",\"urlTemplate\":\"https:\\\/\\\/specialimo.com\\\/?s={search_term_string}\"},\"query-input\":{\"@type\":\"PropertyValueSpecification\",\"valueRequired\":true,\"valueName\":\"search_term_string\"}}],\"inLanguage\":\"es\"},{\"@type\":\"Organization\",\"@id\":\"https:\\\/\\\/specialimo.com\\\/#organization\",\"name\":\"Aluguer de carros e van com motorista - Specialimo\",\"url\":\"https:\\\/\\\/specialimo.com\\\/\",\"logo\":{\"@type\":\"ImageObject\",\"inLanguage\":\"es\",\"@id\":\"https:\\\/\\\/specialimo.com\\\/#\\\/schema\\\/logo\\\/image\\\/\",\"url\":\"https:\\\/\\\/specialimo.com\\\/wp-content\\\/uploads\\\/2023\\\/10\\\/logo.png\",\"contentUrl\":\"https:\\\/\\\/specialimo.com\\\/wp-content\\\/uploads\\\/2023\\\/10\\\/logo.png\",\"width\":422,\"height\":165,\"caption\":\"Aluguer de carros e van com motorista - Specialimo\"},\"image\":{\"@id\":\"https:\\\/\\\/specialimo.com\\\/#\\\/schema\\\/logo\\\/image\\\/\"}},{\"@type\":\"Person\",\"@id\":\"https:\\\/\\\/specialimo.com\\\/#\\\/schema\\\/person\\\/ccddb6a0a6a9474417418b9019aa96f4\",\"name\":\"adminspc\",\"image\":{\"@type\":\"ImageObject\",\"inLanguage\":\"es\",\"@id\":\"https:\\\/\\\/secure.gravatar.com\\\/avatar\\\/9fbc8ff784e4e02a67c011ca8fdb1c8b13303bc2fc7a62d4cf327bee4cbf7d64?s=96&d=mm&r=g\",\"url\":\"https:\\\/\\\/secure.gravatar.com\\\/avatar\\\/9fbc8ff784e4e02a67c011ca8fdb1c8b13303bc2fc7a62d4cf327bee4cbf7d64?s=96&d=mm&r=g\",\"contentUrl\":\"https:\\\/\\\/secure.gravatar.com\\\/avatar\\\/9fbc8ff784e4e02a67c011ca8fdb1c8b13303bc2fc7a62d4cf327bee4cbf7d64?s=96&d=mm&r=g\",\"caption\":\"adminspc\"},\"sameAs\":[\"https:\\\/\\\/specialimo.codetec.pt\"],\"url\":\"https:\\\/\\\/specialimo.com\\\/es\\\/author\\\/adminspc\\\/\"}]}<\/script>\n<!-- \/ Yoast SEO plugin. -->","yoast_head_json":{"title":"Porque \u00e9 que um carro com motorista \u00e9 o derradeiro luxo para um evento especial - Aluguer de carros e van com motorista - Specialimo","robots":{"index":"index","follow":"follow","max-snippet":"max-snippet:-1","max-image-preview":"max-image-preview:large","max-video-preview":"max-video-preview:-1"},"canonical":"https:\/\/specialimo.com\/es\/2023\/10\/11\/porque-e-que-um-carro-com-motorista-e-o-derradeiro-luxo-para-um-evento-especial\/","og_locale":"es_ES","og_type":"article","og_title":"Porque \u00e9 que um carro com motorista \u00e9 o derradeiro luxo para um evento especial - Aluguer de carros e van com motorista - Specialimo","og_description":"\u00c9 ineg\u00e1vel que chegar em grande estilo com um carro de luxo com motorista privado \u00e9 uma declara\u00e7\u00e3o de sofistica\u00e7\u00e3o. Quer se trate de um casamento, uma reuni\u00e3o de neg\u00f3cios ou outro evento especial, o transporte em que se chega \u00e9 t\u00e3o importante como o que se veste. E que melhor forma de fazer uma [&hellip;]","og_url":"https:\/\/specialimo.com\/es\/2023\/10\/11\/porque-e-que-um-carro-com-motorista-e-o-derradeiro-luxo-para-um-evento-especial\/","og_site_name":"Aluguer de carros e van com motorista - Specialimo","article_published_time":"2023-10-11T14:30:21+00:00","article_modified_time":"2024-03-29T18:17:22+00:00","og_image":[{"width":1920,"height":1080,"url":"https:\/\/specialimo.com\/wp-content\/uploads\/2023\/10\/1_PorqueEQueUmCarroComMotoristaEODerradeiroLuxoParaUmaOcasiaoEspecial.jpg","type":"image\/jpeg"}],"author":"adminspc","twitter_card":"summary_large_image","twitter_misc":{"Escrito por":"adminspc","Tiempo de lectura":"4 minutos"},"schema":{"@context":"https:\/\/schema.org","@graph":[{"@type":"Article","@id":"https:\/\/specialimo.com\/2023\/10\/11\/porque-e-que-um-carro-com-motorista-e-o-derradeiro-luxo-para-um-evento-especial\/#article","isPartOf":{"@id":"https:\/\/specialimo.com\/2023\/10\/11\/porque-e-que-um-carro-com-motorista-e-o-derradeiro-luxo-para-um-evento-especial\/"},"author":{"name":"adminspc","@id":"https:\/\/specialimo.com\/#\/schema\/person\/ccddb6a0a6a9474417418b9019aa96f4"},"headline":"Porque \u00e9 que um carro com motorista \u00e9 o derradeiro luxo para um evento especial","datePublished":"2023-10-11T14:30:21+00:00","dateModified":"2024-03-29T18:17:22+00:00","mainEntityOfPage":{"@id":"https:\/\/specialimo.com\/2023\/10\/11\/porque-e-que-um-carro-com-motorista-e-o-derradeiro-luxo-para-um-evento-especial\/"},"wordCount":763,"commentCount":0,"publisher":{"@id":"https:\/\/specialimo.com\/#organization"},"image":{"@id":"https:\/\/specialimo.com\/2023\/10\/11\/porque-e-que-um-carro-com-motorista-e-o-derradeiro-luxo-para-um-evento-especial\/#primaryimage"},"thumbnailUrl":"https:\/\/specialimo.com\/wp-content\/uploads\/2023\/10\/1_PorqueEQueUmCarroComMotoristaEODerradeiroLuxoParaUmaOcasiaoEspecial.jpg","keywords":["Carro com Motorista Privado"],"articleSection":["Carro com Motorista Privado"],"inLanguage":"es","potentialAction":[{"@type":"CommentAction","name":"Comment","target":["https:\/\/specialimo.com\/2023\/10\/11\/porque-e-que-um-carro-com-motorista-e-o-derradeiro-luxo-para-um-evento-especial\/#respond"]}]},{"@type":"WebPage","@id":"https:\/\/specialimo.com\/2023\/10\/11\/porque-e-que-um-carro-com-motorista-e-o-derradeiro-luxo-para-um-evento-especial\/","url":"https:\/\/specialimo.com\/2023\/10\/11\/porque-e-que-um-carro-com-motorista-e-o-derradeiro-luxo-para-um-evento-especial\/","name":"Porque \u00e9 que um carro com motorista \u00e9 o derradeiro luxo para um evento especial - Aluguer de carros e van com motorista - Specialimo","isPartOf":{"@id":"https:\/\/specialimo.com\/#website"},"primaryImageOfPage":{"@id":"https:\/\/specialimo.com\/2023\/10\/11\/porque-e-que-um-carro-com-motorista-e-o-derradeiro-luxo-para-um-evento-especial\/#primaryimage"},"image":{"@id":"https:\/\/specialimo.com\/2023\/10\/11\/porque-e-que-um-carro-com-motorista-e-o-derradeiro-luxo-para-um-evento-especial\/#primaryimage"},"thumbnailUrl":"https:\/\/specialimo.com\/wp-content\/uploads\/2023\/10\/1_PorqueEQueUmCarroComMotoristaEODerradeiroLuxoParaUmaOcasiaoEspecial.jpg","datePublished":"2023-10-11T14:30:21+00:00","dateModified":"2024-03-29T18:17:22+00:00","breadcrumb":{"@id":"https:\/\/specialimo.com\/2023\/10\/11\/porque-e-que-um-carro-com-motorista-e-o-derradeiro-luxo-para-um-evento-especial\/#breadcrumb"},"inLanguage":"es","potentialAction":[{"@type":"ReadAction","target":["https:\/\/specialimo.com\/2023\/10\/11\/porque-e-que-um-carro-com-motorista-e-o-derradeiro-luxo-para-um-evento-especial\/"]}]},{"@type":"ImageObject","inLanguage":"es","@id":"https:\/\/specialimo.com\/2023\/10\/11\/porque-e-que-um-carro-com-motorista-e-o-derradeiro-luxo-para-um-evento-especial\/#primaryimage","url":"https:\/\/specialimo.com\/wp-content\/uploads\/2023\/10\/1_PorqueEQueUmCarroComMotoristaEODerradeiroLuxoParaUmaOcasiaoEspecial.jpg","contentUrl":"https:\/\/specialimo.com\/wp-content\/uploads\/2023\/10\/1_PorqueEQueUmCarroComMotoristaEODerradeiroLuxoParaUmaOcasiaoEspecial.jpg","width":1920,"height":1080},{"@type":"BreadcrumbList","@id":"https:\/\/specialimo.com\/2023\/10\/11\/porque-e-que-um-carro-com-motorista-e-o-derradeiro-luxo-para-um-evento-especial\/#breadcrumb","itemListElement":[{"@type":"ListItem","position":1,"name":"In\u00edcio","item":"https:\/\/specialimo.com\/"},{"@type":"ListItem","position":2,"name":"Porque \u00e9 que um carro com motorista \u00e9 o derradeiro luxo para um evento especial"}]},{"@type":"WebSite","@id":"https:\/\/specialimo.com\/#website","url":"https:\/\/specialimo.com\/","name":"Aluguer de carros e van com motorista - Specialimo","description":"Aluguer de carros, van, minibus e autocarro com motorista","publisher":{"@id":"https:\/\/specialimo.com\/#organization"},"potentialAction":[{"@type":"SearchAction","target":{"@type":"EntryPoint","urlTemplate":"https:\/\/specialimo.com\/?s={search_term_string}"},"query-input":{"@type":"PropertyValueSpecification","valueRequired":true,"valueName":"search_term_string"}}],"inLanguage":"es"},{"@type":"Organization","@id":"https:\/\/specialimo.com\/#organization","name":"Aluguer de carros e van com motorista - Specialimo","url":"https:\/\/specialimo.com\/","logo":{"@type":"ImageObject","inLanguage":"es","@id":"https:\/\/specialimo.com\/#\/schema\/logo\/image\/","url":"https:\/\/specialimo.com\/wp-content\/uploads\/2023\/10\/logo.png","contentUrl":"https:\/\/specialimo.com\/wp-content\/uploads\/2023\/10\/logo.png","width":422,"height":165,"caption":"Aluguer de carros e van com motorista - Specialimo"},"image":{"@id":"https:\/\/specialimo.com\/#\/schema\/logo\/image\/"}},{"@type":"Person","@id":"https:\/\/specialimo.com\/#\/schema\/person\/ccddb6a0a6a9474417418b9019aa96f4","name":"adminspc","image":{"@type":"ImageObject","inLanguage":"es","@id":"https:\/\/secure.gravatar.com\/avatar\/9fbc8ff784e4e02a67c011ca8fdb1c8b13303bc2fc7a62d4cf327bee4cbf7d64?s=96&d=mm&r=g","url":"https:\/\/secure.gravatar.com\/avatar\/9fbc8ff784e4e02a67c011ca8fdb1c8b13303bc2fc7a62d4cf327bee4cbf7d64?s=96&d=mm&r=g","contentUrl":"https:\/\/secure.gravatar.com\/avatar\/9fbc8ff784e4e02a67c011ca8fdb1c8b13303bc2fc7a62d4cf327bee4cbf7d64?s=96&d=mm&r=g","caption":"adminspc"},"sameAs":["https:\/\/specialimo.codetec.pt"],"url":"https:\/\/specialimo.com\/es\/author\/adminspc\/"}]}},"_links":{"self":[{"href":"https:\/\/specialimo.com\/es\/wp-json\/wp\/v2\/posts\/692","targetHints":{"allow":["GET"]}}],"collection":[{"href":"https:\/\/specialimo.com\/es\/wp-json\/wp\/v2\/posts"}],"about":[{"href":"https:\/\/specialimo.com\/es\/wp-json\/wp\/v2\/types\/post"}],"author":[{"embeddable":true,"href":"https:\/\/specialimo.com\/es\/wp-json\/wp\/v2\/users\/1"}],"replies":[{"embeddable":true,"href":"https:\/\/specialimo.com\/es\/wp-json\/wp\/v2\/comments?post=692"}],"version-history":[{"count":1,"href":"https:\/\/specialimo.com\/es\/wp-json\/wp\/v2\/posts\/692\/revisions"}],"predecessor-version":[{"id":694,"href":"https:\/\/specialimo.com\/es\/wp-json\/wp\/v2\/posts\/692\/revisions\/694"}],"wp:featuredmedia":[{"embeddable":true,"href":"https:\/\/specialimo.com\/es\/wp-json\/wp\/v2\/media\/693"}],"wp:attachment":[{"href":"https:\/\/specialimo.com\/es\/wp-json\/wp\/v2\/media?parent=692"}],"wp:term":[{"taxonomy":"category","embeddable":true,"href":"https:\/\/specialimo.com\/es\/wp-json\/wp\/v2\/categories?post=692"},{"taxonomy":"post_tag","embeddable":true,"href":"https:\/\/specialimo.com\/es\/wp-json\/wp\/v2\/tags?post=692"}],"curies":[{"name":"wp","href":"https:\/\/api.w.org\/{rel}","templated":true}]}}