{"id":695,"date":"2023-10-11T14:35:44","date_gmt":"2023-10-11T14:35:44","guid":{"rendered":"https:\/\/specialimo.codetec.pt\/?p=695"},"modified":"2024-08-01T23:50:53","modified_gmt":"2024-08-01T23:50:53","slug":"pastel-de-nata-saboreie-uma-delicia-tradicional-portuguesa","status":"publish","type":"post","link":"https:\/\/specialimo.com\/es\/2023\/10\/11\/pastel-de-nata-saboreie-uma-delicia-tradicional-portuguesa\/","title":{"rendered":"Pastel de Nata - Disfruta de una Delicia Tradicional Portuguesa"},"content":{"rendered":"<p>Cuando se piensa en Portugal, lo primero que viene a la mente de mucha gente es su deliciosa comida tradicional. Una de las delicias portuguesas m\u00e1s populares es el <strong>Pastel de Nata<\/strong>, una deliciosa tarta de crema envuelta en una masa crujiente. Este <strong>dulce tradicional portugu\u00e9s<\/strong> es una exquisitez que es obligatoria probar en una visita a Portugal, ya sea con un caf\u00e9 o, si es invierno, con un chocolate caliente cremoso, para tener una experiencia a\u00fan m\u00e1s indulgente.<\/p>\n\n\n\n<h2 class=\"wp-block-heading\"><strong>\u00bfQu\u00e9 es el Pastel de Nata?<\/strong><\/h2>\n\n\n\n<p>El <strong>Pastel de Nata<\/strong> es un dulce muy popular en Portugal y se sirve en muchos restaurantes, cafeter\u00edas y panader\u00edas. Su masa es normalmente peque\u00f1a y tiene un exterior dorado y crujiente. El relleno cremoso est\u00e1 hecho con yemas de huevo, az\u00facar y canela, pudiendo tambi\u00e9n incluir ralladura de lim\u00f3n. La combinaci\u00f3n del crema y la masa hojaldrada lo convierten en una exquisitez genuinamente \u00fanica y deliciosa.<\/p>\n\n\n\n<p>Se cree que el origen del <strong>Pastel de Nata<\/strong> se remonta al siglo XVIII, en el <strong>Monasterio de los Jer\u00f3nimos.<\/strong>Se dice que los monjes del monasterio utilizaban claras de huevo para planchar sus ropas y que, para no desperdiciar las yemas de huevo, crearon esta deliciosa tarta de crema. La receta fue entonces pasada de generaci\u00f3n en generaci\u00f3n y acab\u00f3 adapt\u00e1ndose en diferentes regiones de Portugal, dando lugar a las muchas variaciones regionales de este dulce hasta nuestros d\u00edas.<\/p>\n\n\n\n<h2 class=\"wp-block-heading\"><strong>La Historia del Pastel de Nata<\/strong><\/h2>\n\n\n\n<p>La historia del <strong>Pastel de Nata<\/strong> est\u00e1 estrechamente ligada a la historia y cultura portuguesa. Se cree que la receta tuvo origen en el siglo XVIII, en el <strong>Monasterio de los Jer\u00f3nimos.<\/strong>Los monjes del monasterio utilizaban claras de huevo para planchar sus ropas y, para no desperdiciar las yemas de huevo, crearon esta deliciosa tarta de crema. La receta fue pasando de generaci\u00f3n en generaci\u00f3n hasta nuestros d\u00edas.<\/p>\n\n\n\n<p>Este dulce se hizo muy popular en el siglo XIX, cuando abri\u00f3 en Lisboa la famosa pasteler\u00eda \"Past\u00e9is de Bel\u00e9m\", que hoy es una de las m\u00e1s conocidas en Portugal y que se le atribuye la popularizaci\u00f3n del <strong>Pastel de Nata<\/strong> en todo el pa\u00eds. Aunque la receta es un secreto bien guardado, la tienda todav\u00eda sirve la versi\u00f3n original del dulce.<\/p>\n\n\n\n<p>El <strong>Pastel de Nata<\/strong> se ha convertido en un s\u00edmbolo ic\u00f3nico de Portugal y es hoy en d\u00eda uno de los favoritos tanto de los portugueses como de los turistas.<\/p>\n\n\n\n<h2 class=\"wp-block-heading\"><strong>\u00bfD\u00f3nde encontrar el Pastel de Nata en Portugal?<\/strong><\/h2>\n\n\n\n<p>El <strong>Pastel de Nata<\/strong> se puede encontrar en muchas panader\u00edas, cafeter\u00edas y pasteler\u00edas en Portugal. El lugar m\u00e1s famoso y popular para encontrar esta delicia de <strong>pastelaria portuguesa<\/strong> la pasteler\u00eda portuguesa es en \"Past\u00e9is de Bel\u00e9m\" en Lisboa, que es el establecimiento m\u00e1s buscado por los turistas que desean probar la reposter\u00eda local. Por lo tanto, es una visita obligada para quienes visitan Lisboa.<\/p>\n\n\n\n<p>Sin embargo, <strong>Pastel de Nata<\/strong> se puede encontrar en muchos otros establecimientos en Portugal. En el Norte de Portugal, este dulce se sirve con un poco de canela, mientras que en el Sur, frecuentemente se sirve con un poco de az\u00facar. En las islas de Azores, <strong>Pastel de Nata<\/strong> se sirve con una cobertura de almendra crujiente. No importa d\u00f3nde est\u00e9 en Portugal, siempre es posible encontrar una versi\u00f3n deliciosa de esta exquisitez.<\/p>\n\n\n\n<h2 class=\"wp-block-heading\"><strong>Conclusi\u00f3n<\/strong><\/h2>\n\n\n\n<p>El <strong>Pastel de Nata<\/strong> faz parte da <strong>reposter\u00eda tradicional portuguesa<\/strong> y est\u00e1 hecho con un relleno de crema, normalmente aromatizado con canela y lim\u00f3n y colocado dentro de una masa hojaldrada en forma de concha. Es un dulce muy popular en Portugal, donde se sirve en muchos restaurantes, cafeter\u00edas y panader\u00edas. Normalmente est\u00e1 cubierto con un espolvoreado de az\u00facar o canela y suele servirse caliente. Ya sea en Lisboa o en otra zona del pa\u00eds, siempre podr\u00e1 disfrutar de este <strong>dulce tradicional portugu\u00e9s<\/strong>\u00a1Disfrute!<\/p>","protected":false},"excerpt":{"rendered":"<p>Quando se pensa em Portugal, a primeira coisa que vem \u00e0 mente de muita gente \u00e9 a sua deliciosa comida tradicional. Uma das iguarias portuguesas mais populares \u00e9 o Pastel de Nata, uma deliciosa tarte de creme envolta numa massa estaladi\u00e7a. Este doce tradicional portugu\u00eas \u00e9 uma iguaria que \u00e9 obrigat\u00f3rio provar numa visita Portugal, [&hellip;]<\/p>","protected":false},"author":1,"featured_media":697,"comment_status":"open","ping_status":"open","sticky":false,"template":"","format":"standard","meta":{"_eb_attr":"","ocean_post_layout":"","ocean_both_sidebars_style":"","ocean_both_sidebars_content_width":0,"ocean_both_sidebars_sidebars_width":0,"ocean_sidebar":"","ocean_second_sidebar":"","ocean_disable_margins":"enable","ocean_add_body_class":"","ocean_shortcode_before_top_bar":"","ocean_shortcode_after_top_bar":"","ocean_shortcode_before_header":"","ocean_shortcode_after_header":"","ocean_has_shortcode":"","ocean_shortcode_after_title":"","ocean_shortcode_before_footer_widgets":"","ocean_shortcode_after_footer_widgets":"","ocean_shortcode_before_footer_bottom":"","ocean_shortcode_after_footer_bottom":"","ocean_display_top_bar":"default","ocean_display_header":"default","ocean_header_style":"","ocean_center_header_left_menu":"","ocean_custom_header_template":"","ocean_custom_logo":0,"ocean_custom_retina_logo":0,"ocean_custom_logo_max_width":0,"ocean_custom_logo_tablet_max_width":0,"ocean_custom_logo_mobile_max_width":0,"ocean_custom_logo_max_height":0,"ocean_custom_logo_tablet_max_height":0,"ocean_custom_logo_mobile_max_height":0,"ocean_header_custom_menu":"","ocean_menu_typo_font_family":"","ocean_menu_typo_font_subset":"","ocean_menu_typo_font_size":0,"ocean_menu_typo_font_size_tablet":0,"ocean_menu_typo_font_size_mobile":0,"ocean_menu_typo_font_size_unit":"px","ocean_menu_typo_font_weight":"","ocean_menu_typo_font_weight_tablet":"","ocean_menu_typo_font_weight_mobile":"","ocean_menu_typo_transform":"","ocean_menu_typo_transform_tablet":"","ocean_menu_typo_transform_mobile":"","ocean_menu_typo_line_height":0,"ocean_menu_typo_line_height_tablet":0,"ocean_menu_typo_line_height_mobile":0,"ocean_menu_typo_line_height_unit":"","ocean_menu_typo_spacing":0,"ocean_menu_typo_spacing_tablet":0,"ocean_menu_typo_spacing_mobile":0,"ocean_menu_typo_spacing_unit":"","ocean_menu_link_color":"","ocean_menu_link_color_hover":"","ocean_menu_link_color_active":"","ocean_menu_link_background":"","ocean_menu_link_hover_background":"","ocean_menu_link_active_background":"","ocean_menu_social_links_bg":"","ocean_menu_social_hover_links_bg":"","ocean_menu_social_links_color":"","ocean_menu_social_hover_links_color":"","ocean_disable_title":"default","ocean_disable_heading":"default","ocean_post_title":"","ocean_post_subheading":"","ocean_post_title_style":"","ocean_post_title_background_color":"","ocean_post_title_background":0,"ocean_post_title_bg_image_position":"","ocean_post_title_bg_image_attachment":"","ocean_post_title_bg_image_repeat":"","ocean_post_title_bg_image_size":"","ocean_post_title_height":0,"ocean_post_title_bg_overlay":0.5,"ocean_post_title_bg_overlay_color":"","ocean_disable_breadcrumbs":"default","ocean_breadcrumbs_color":"","ocean_breadcrumbs_separator_color":"","ocean_breadcrumbs_links_color":"","ocean_breadcrumbs_links_hover_color":"","ocean_display_footer_widgets":"default","ocean_display_footer_bottom":"default","ocean_custom_footer_template":"","_joinchat":[],"ocean_post_oembed":"","ocean_post_self_hosted_media":"","ocean_post_video_embed":"","ocean_link_format":"","ocean_link_format_target":"self","ocean_quote_format":"","ocean_quote_format_link":"post","ocean_gallery_link_images":"on","ocean_gallery_id":[],"footnotes":""},"categories":[10],"tags":[12,11,8,9],"class_list":["post-695","post","type-post","status-publish","format-standard","has-post-thumbnail","hentry","category-gastronomia","tag-doces-conventuais","tag-gastronomia","tag-lisboa","tag-portugal","entry","has-media"],"yoast_head":"<!-- This site is optimized with the Yoast SEO plugin v27.4 - https:\/\/yoast.com\/product\/yoast-seo-wordpress\/ -->\n<title>Pastel de Nata \u00a0- Saboreie uma Del\u00edcia Tradicional Portuguesa - Aluguer de carros e van com motorista - Specialimo<\/title>\n<meta name=\"robots\" content=\"index, follow, max-snippet:-1, max-image-preview:large, max-video-preview:-1\" \/>\n<link rel=\"canonical\" href=\"https:\/\/specialimo.com\/es\/2023\/10\/11\/pastel-de-nata-saboreie-uma-delicia-tradicional-portuguesa\/\" \/>\n<meta property=\"og:locale\" content=\"es_ES\" \/>\n<meta property=\"og:type\" content=\"article\" \/>\n<meta property=\"og:title\" content=\"Pastel de Nata \u00a0- Saboreie uma Del\u00edcia Tradicional Portuguesa - Aluguer de carros e van com motorista - Specialimo\" \/>\n<meta property=\"og:description\" content=\"Quando se pensa em Portugal, a primeira coisa que vem \u00e0 mente de muita gente \u00e9 a sua deliciosa comida tradicional. Uma das iguarias portuguesas mais populares \u00e9 o Pastel de Nata, uma deliciosa tarte de creme envolta numa massa estaladi\u00e7a. Este doce tradicional portugu\u00eas \u00e9 uma iguaria que \u00e9 obrigat\u00f3rio provar numa visita Portugal, [&hellip;]\" \/>\n<meta property=\"og:url\" content=\"https:\/\/specialimo.com\/es\/2023\/10\/11\/pastel-de-nata-saboreie-uma-delicia-tradicional-portuguesa\/\" \/>\n<meta property=\"og:site_name\" content=\"Aluguer de carros e van com motorista - Specialimo\" \/>\n<meta property=\"article:published_time\" content=\"2023-10-11T14:35:44+00:00\" \/>\n<meta property=\"article:modified_time\" content=\"2024-08-01T23:50:53+00:00\" \/>\n<meta property=\"og:image\" content=\"https:\/\/specialimo.com\/wp-content\/uploads\/2023\/10\/2_PastelDeNataSaboreieUmaDeliciaTradicionalPortuguesa.jpg\" \/>\n\t<meta property=\"og:image:width\" content=\"1920\" \/>\n\t<meta property=\"og:image:height\" content=\"1080\" \/>\n\t<meta property=\"og:image:type\" content=\"image\/jpeg\" \/>\n<meta name=\"author\" content=\"adminspc\" \/>\n<meta name=\"twitter:card\" content=\"summary_large_image\" \/>\n<meta name=\"twitter:label1\" content=\"Escrito por\" \/>\n\t<meta name=\"twitter:data1\" content=\"adminspc\" \/>\n\t<meta name=\"twitter:label2\" content=\"Tiempo de lectura\" \/>\n\t<meta name=\"twitter:data2\" content=\"4 minutos\" \/>\n<script type=\"application\/ld+json\" class=\"yoast-schema-graph\">{\"@context\":\"https:\\\/\\\/schema.org\",\"@graph\":[{\"@type\":\"Article\",\"@id\":\"https:\\\/\\\/specialimo.com\\\/2023\\\/10\\\/11\\\/pastel-de-nata-saboreie-uma-delicia-tradicional-portuguesa\\\/#article\",\"isPartOf\":{\"@id\":\"https:\\\/\\\/specialimo.com\\\/2023\\\/10\\\/11\\\/pastel-de-nata-saboreie-uma-delicia-tradicional-portuguesa\\\/\"},\"author\":{\"name\":\"adminspc\",\"@id\":\"https:\\\/\\\/specialimo.com\\\/#\\\/schema\\\/person\\\/ccddb6a0a6a9474417418b9019aa96f4\"},\"headline\":\"Pastel de Nata \u00a0&#8211; Saboreie uma Del\u00edcia Tradicional Portuguesa\",\"datePublished\":\"2023-10-11T14:35:44+00:00\",\"dateModified\":\"2024-08-01T23:50:53+00:00\",\"mainEntityOfPage\":{\"@id\":\"https:\\\/\\\/specialimo.com\\\/2023\\\/10\\\/11\\\/pastel-de-nata-saboreie-uma-delicia-tradicional-portuguesa\\\/\"},\"wordCount\":650,\"commentCount\":0,\"publisher\":{\"@id\":\"https:\\\/\\\/specialimo.com\\\/#organization\"},\"image\":{\"@id\":\"https:\\\/\\\/specialimo.com\\\/2023\\\/10\\\/11\\\/pastel-de-nata-saboreie-uma-delicia-tradicional-portuguesa\\\/#primaryimage\"},\"thumbnailUrl\":\"https:\\\/\\\/specialimo.com\\\/wp-content\\\/uploads\\\/2023\\\/10\\\/2_PastelDeNataSaboreieUmaDeliciaTradicionalPortuguesa.jpg\",\"keywords\":[\"Doces Conventuais\",\"Gastronomia\",\"Lisboa\",\"Portugal\"],\"articleSection\":[\"Gastronomia\"],\"inLanguage\":\"es\",\"potentialAction\":[{\"@type\":\"CommentAction\",\"name\":\"Comment\",\"target\":[\"https:\\\/\\\/specialimo.com\\\/2023\\\/10\\\/11\\\/pastel-de-nata-saboreie-uma-delicia-tradicional-portuguesa\\\/#respond\"]}]},{\"@type\":\"WebPage\",\"@id\":\"https:\\\/\\\/specialimo.com\\\/2023\\\/10\\\/11\\\/pastel-de-nata-saboreie-uma-delicia-tradicional-portuguesa\\\/\",\"url\":\"https:\\\/\\\/specialimo.com\\\/2023\\\/10\\\/11\\\/pastel-de-nata-saboreie-uma-delicia-tradicional-portuguesa\\\/\",\"name\":\"Pastel de Nata \u00a0- Saboreie uma Del\u00edcia Tradicional Portuguesa - Aluguer de carros e van com motorista - Specialimo\",\"isPartOf\":{\"@id\":\"https:\\\/\\\/specialimo.com\\\/#website\"},\"primaryImageOfPage\":{\"@id\":\"https:\\\/\\\/specialimo.com\\\/2023\\\/10\\\/11\\\/pastel-de-nata-saboreie-uma-delicia-tradicional-portuguesa\\\/#primaryimage\"},\"image\":{\"@id\":\"https:\\\/\\\/specialimo.com\\\/2023\\\/10\\\/11\\\/pastel-de-nata-saboreie-uma-delicia-tradicional-portuguesa\\\/#primaryimage\"},\"thumbnailUrl\":\"https:\\\/\\\/specialimo.com\\\/wp-content\\\/uploads\\\/2023\\\/10\\\/2_PastelDeNataSaboreieUmaDeliciaTradicionalPortuguesa.jpg\",\"datePublished\":\"2023-10-11T14:35:44+00:00\",\"dateModified\":\"2024-08-01T23:50:53+00:00\",\"breadcrumb\":{\"@id\":\"https:\\\/\\\/specialimo.com\\\/2023\\\/10\\\/11\\\/pastel-de-nata-saboreie-uma-delicia-tradicional-portuguesa\\\/#breadcrumb\"},\"inLanguage\":\"es\",\"potentialAction\":[{\"@type\":\"ReadAction\",\"target\":[\"https:\\\/\\\/specialimo.com\\\/2023\\\/10\\\/11\\\/pastel-de-nata-saboreie-uma-delicia-tradicional-portuguesa\\\/\"]}]},{\"@type\":\"ImageObject\",\"inLanguage\":\"es\",\"@id\":\"https:\\\/\\\/specialimo.com\\\/2023\\\/10\\\/11\\\/pastel-de-nata-saboreie-uma-delicia-tradicional-portuguesa\\\/#primaryimage\",\"url\":\"https:\\\/\\\/specialimo.com\\\/wp-content\\\/uploads\\\/2023\\\/10\\\/2_PastelDeNataSaboreieUmaDeliciaTradicionalPortuguesa.jpg\",\"contentUrl\":\"https:\\\/\\\/specialimo.com\\\/wp-content\\\/uploads\\\/2023\\\/10\\\/2_PastelDeNataSaboreieUmaDeliciaTradicionalPortuguesa.jpg\",\"width\":1920,\"height\":1080},{\"@type\":\"BreadcrumbList\",\"@id\":\"https:\\\/\\\/specialimo.com\\\/2023\\\/10\\\/11\\\/pastel-de-nata-saboreie-uma-delicia-tradicional-portuguesa\\\/#breadcrumb\",\"itemListElement\":[{\"@type\":\"ListItem\",\"position\":1,\"name\":\"In\u00edcio\",\"item\":\"https:\\\/\\\/specialimo.com\\\/\"},{\"@type\":\"ListItem\",\"position\":2,\"name\":\"Pastel de Nata \u00a0&#8211; Saboreie uma Del\u00edcia Tradicional Portuguesa\"}]},{\"@type\":\"WebSite\",\"@id\":\"https:\\\/\\\/specialimo.com\\\/#website\",\"url\":\"https:\\\/\\\/specialimo.com\\\/\",\"name\":\"Aluguer de carros e van com motorista - Specialimo\",\"description\":\" Aluguer de carros, van, minibus e autocarro com motorista\",\"publisher\":{\"@id\":\"https:\\\/\\\/specialimo.com\\\/#organization\"},\"potentialAction\":[{\"@type\":\"SearchAction\",\"target\":{\"@type\":\"EntryPoint\",\"urlTemplate\":\"https:\\\/\\\/specialimo.com\\\/?s={search_term_string}\"},\"query-input\":{\"@type\":\"PropertyValueSpecification\",\"valueRequired\":true,\"valueName\":\"search_term_string\"}}],\"inLanguage\":\"es\"},{\"@type\":\"Organization\",\"@id\":\"https:\\\/\\\/specialimo.com\\\/#organization\",\"name\":\"Aluguer de carros e van com motorista - Specialimo\",\"url\":\"https:\\\/\\\/specialimo.com\\\/\",\"logo\":{\"@type\":\"ImageObject\",\"inLanguage\":\"es\",\"@id\":\"https:\\\/\\\/specialimo.com\\\/#\\\/schema\\\/logo\\\/image\\\/\",\"url\":\"https:\\\/\\\/specialimo.com\\\/wp-content\\\/uploads\\\/2023\\\/10\\\/logo.png\",\"contentUrl\":\"https:\\\/\\\/specialimo.com\\\/wp-content\\\/uploads\\\/2023\\\/10\\\/logo.png\",\"width\":422,\"height\":165,\"caption\":\"Aluguer de carros e van com motorista - Specialimo\"},\"image\":{\"@id\":\"https:\\\/\\\/specialimo.com\\\/#\\\/schema\\\/logo\\\/image\\\/\"}},{\"@type\":\"Person\",\"@id\":\"https:\\\/\\\/specialimo.com\\\/#\\\/schema\\\/person\\\/ccddb6a0a6a9474417418b9019aa96f4\",\"name\":\"adminspc\",\"image\":{\"@type\":\"ImageObject\",\"inLanguage\":\"es\",\"@id\":\"https:\\\/\\\/secure.gravatar.com\\\/avatar\\\/9fbc8ff784e4e02a67c011ca8fdb1c8b13303bc2fc7a62d4cf327bee4cbf7d64?s=96&d=mm&r=g\",\"url\":\"https:\\\/\\\/secure.gravatar.com\\\/avatar\\\/9fbc8ff784e4e02a67c011ca8fdb1c8b13303bc2fc7a62d4cf327bee4cbf7d64?s=96&d=mm&r=g\",\"contentUrl\":\"https:\\\/\\\/secure.gravatar.com\\\/avatar\\\/9fbc8ff784e4e02a67c011ca8fdb1c8b13303bc2fc7a62d4cf327bee4cbf7d64?s=96&d=mm&r=g\",\"caption\":\"adminspc\"},\"sameAs\":[\"https:\\\/\\\/specialimo.codetec.pt\"],\"url\":\"https:\\\/\\\/specialimo.com\\\/es\\\/author\\\/adminspc\\\/\"}]}<\/script>\n<!-- \/ Yoast SEO plugin. -->","yoast_head_json":{"title":"Pastel de Nata \u00a0- Saboreie uma Del\u00edcia Tradicional Portuguesa - Aluguer de carros e van com motorista - Specialimo","robots":{"index":"index","follow":"follow","max-snippet":"max-snippet:-1","max-image-preview":"max-image-preview:large","max-video-preview":"max-video-preview:-1"},"canonical":"https:\/\/specialimo.com\/es\/2023\/10\/11\/pastel-de-nata-saboreie-uma-delicia-tradicional-portuguesa\/","og_locale":"es_ES","og_type":"article","og_title":"Pastel de Nata \u00a0- Saboreie uma Del\u00edcia Tradicional Portuguesa - Aluguer de carros e van com motorista - Specialimo","og_description":"Quando se pensa em Portugal, a primeira coisa que vem \u00e0 mente de muita gente \u00e9 a sua deliciosa comida tradicional. Uma das iguarias portuguesas mais populares \u00e9 o Pastel de Nata, uma deliciosa tarte de creme envolta numa massa estaladi\u00e7a. Este doce tradicional portugu\u00eas \u00e9 uma iguaria que \u00e9 obrigat\u00f3rio provar numa visita Portugal, [&hellip;]","og_url":"https:\/\/specialimo.com\/es\/2023\/10\/11\/pastel-de-nata-saboreie-uma-delicia-tradicional-portuguesa\/","og_site_name":"Aluguer de carros e van com motorista - Specialimo","article_published_time":"2023-10-11T14:35:44+00:00","article_modified_time":"2024-08-01T23:50:53+00:00","og_image":[{"width":1920,"height":1080,"url":"https:\/\/specialimo.com\/wp-content\/uploads\/2023\/10\/2_PastelDeNataSaboreieUmaDeliciaTradicionalPortuguesa.jpg","type":"image\/jpeg"}],"author":"adminspc","twitter_card":"summary_large_image","twitter_misc":{"Escrito por":"adminspc","Tiempo de lectura":"4 minutos"},"schema":{"@context":"https:\/\/schema.org","@graph":[{"@type":"Article","@id":"https:\/\/specialimo.com\/2023\/10\/11\/pastel-de-nata-saboreie-uma-delicia-tradicional-portuguesa\/#article","isPartOf":{"@id":"https:\/\/specialimo.com\/2023\/10\/11\/pastel-de-nata-saboreie-uma-delicia-tradicional-portuguesa\/"},"author":{"name":"adminspc","@id":"https:\/\/specialimo.com\/#\/schema\/person\/ccddb6a0a6a9474417418b9019aa96f4"},"headline":"Pastel de Nata \u00a0&#8211; Saboreie uma Del\u00edcia Tradicional Portuguesa","datePublished":"2023-10-11T14:35:44+00:00","dateModified":"2024-08-01T23:50:53+00:00","mainEntityOfPage":{"@id":"https:\/\/specialimo.com\/2023\/10\/11\/pastel-de-nata-saboreie-uma-delicia-tradicional-portuguesa\/"},"wordCount":650,"commentCount":0,"publisher":{"@id":"https:\/\/specialimo.com\/#organization"},"image":{"@id":"https:\/\/specialimo.com\/2023\/10\/11\/pastel-de-nata-saboreie-uma-delicia-tradicional-portuguesa\/#primaryimage"},"thumbnailUrl":"https:\/\/specialimo.com\/wp-content\/uploads\/2023\/10\/2_PastelDeNataSaboreieUmaDeliciaTradicionalPortuguesa.jpg","keywords":["Doces Conventuais","Gastronomia","Lisboa","Portugal"],"articleSection":["Gastronomia"],"inLanguage":"es","potentialAction":[{"@type":"CommentAction","name":"Comment","target":["https:\/\/specialimo.com\/2023\/10\/11\/pastel-de-nata-saboreie-uma-delicia-tradicional-portuguesa\/#respond"]}]},{"@type":"WebPage","@id":"https:\/\/specialimo.com\/2023\/10\/11\/pastel-de-nata-saboreie-uma-delicia-tradicional-portuguesa\/","url":"https:\/\/specialimo.com\/2023\/10\/11\/pastel-de-nata-saboreie-uma-delicia-tradicional-portuguesa\/","name":"Pastel de Nata \u00a0- Saboreie uma Del\u00edcia Tradicional Portuguesa - Aluguer de carros e van com motorista - Specialimo","isPartOf":{"@id":"https:\/\/specialimo.com\/#website"},"primaryImageOfPage":{"@id":"https:\/\/specialimo.com\/2023\/10\/11\/pastel-de-nata-saboreie-uma-delicia-tradicional-portuguesa\/#primaryimage"},"image":{"@id":"https:\/\/specialimo.com\/2023\/10\/11\/pastel-de-nata-saboreie-uma-delicia-tradicional-portuguesa\/#primaryimage"},"thumbnailUrl":"https:\/\/specialimo.com\/wp-content\/uploads\/2023\/10\/2_PastelDeNataSaboreieUmaDeliciaTradicionalPortuguesa.jpg","datePublished":"2023-10-11T14:35:44+00:00","dateModified":"2024-08-01T23:50:53+00:00","breadcrumb":{"@id":"https:\/\/specialimo.com\/2023\/10\/11\/pastel-de-nata-saboreie-uma-delicia-tradicional-portuguesa\/#breadcrumb"},"inLanguage":"es","potentialAction":[{"@type":"ReadAction","target":["https:\/\/specialimo.com\/2023\/10\/11\/pastel-de-nata-saboreie-uma-delicia-tradicional-portuguesa\/"]}]},{"@type":"ImageObject","inLanguage":"es","@id":"https:\/\/specialimo.com\/2023\/10\/11\/pastel-de-nata-saboreie-uma-delicia-tradicional-portuguesa\/#primaryimage","url":"https:\/\/specialimo.com\/wp-content\/uploads\/2023\/10\/2_PastelDeNataSaboreieUmaDeliciaTradicionalPortuguesa.jpg","contentUrl":"https:\/\/specialimo.com\/wp-content\/uploads\/2023\/10\/2_PastelDeNataSaboreieUmaDeliciaTradicionalPortuguesa.jpg","width":1920,"height":1080},{"@type":"BreadcrumbList","@id":"https:\/\/specialimo.com\/2023\/10\/11\/pastel-de-nata-saboreie-uma-delicia-tradicional-portuguesa\/#breadcrumb","itemListElement":[{"@type":"ListItem","position":1,"name":"In\u00edcio","item":"https:\/\/specialimo.com\/"},{"@type":"ListItem","position":2,"name":"Pastel de Nata \u00a0&#8211; Saboreie uma Del\u00edcia Tradicional Portuguesa"}]},{"@type":"WebSite","@id":"https:\/\/specialimo.com\/#website","url":"https:\/\/specialimo.com\/","name":"Aluguer de carros e van com motorista - Specialimo","description":"Aluguer de carros, van, minibus e autocarro com motorista","publisher":{"@id":"https:\/\/specialimo.com\/#organization"},"potentialAction":[{"@type":"SearchAction","target":{"@type":"EntryPoint","urlTemplate":"https:\/\/specialimo.com\/?s={search_term_string}"},"query-input":{"@type":"PropertyValueSpecification","valueRequired":true,"valueName":"search_term_string"}}],"inLanguage":"es"},{"@type":"Organization","@id":"https:\/\/specialimo.com\/#organization","name":"Aluguer de carros e van com motorista - Specialimo","url":"https:\/\/specialimo.com\/","logo":{"@type":"ImageObject","inLanguage":"es","@id":"https:\/\/specialimo.com\/#\/schema\/logo\/image\/","url":"https:\/\/specialimo.com\/wp-content\/uploads\/2023\/10\/logo.png","contentUrl":"https:\/\/specialimo.com\/wp-content\/uploads\/2023\/10\/logo.png","width":422,"height":165,"caption":"Aluguer de carros e van com motorista - Specialimo"},"image":{"@id":"https:\/\/specialimo.com\/#\/schema\/logo\/image\/"}},{"@type":"Person","@id":"https:\/\/specialimo.com\/#\/schema\/person\/ccddb6a0a6a9474417418b9019aa96f4","name":"adminspc","image":{"@type":"ImageObject","inLanguage":"es","@id":"https:\/\/secure.gravatar.com\/avatar\/9fbc8ff784e4e02a67c011ca8fdb1c8b13303bc2fc7a62d4cf327bee4cbf7d64?s=96&d=mm&r=g","url":"https:\/\/secure.gravatar.com\/avatar\/9fbc8ff784e4e02a67c011ca8fdb1c8b13303bc2fc7a62d4cf327bee4cbf7d64?s=96&d=mm&r=g","contentUrl":"https:\/\/secure.gravatar.com\/avatar\/9fbc8ff784e4e02a67c011ca8fdb1c8b13303bc2fc7a62d4cf327bee4cbf7d64?s=96&d=mm&r=g","caption":"adminspc"},"sameAs":["https:\/\/specialimo.codetec.pt"],"url":"https:\/\/specialimo.com\/es\/author\/adminspc\/"}]}},"_links":{"self":[{"href":"https:\/\/specialimo.com\/es\/wp-json\/wp\/v2\/posts\/695","targetHints":{"allow":["GET"]}}],"collection":[{"href":"https:\/\/specialimo.com\/es\/wp-json\/wp\/v2\/posts"}],"about":[{"href":"https:\/\/specialimo.com\/es\/wp-json\/wp\/v2\/types\/post"}],"author":[{"embeddable":true,"href":"https:\/\/specialimo.com\/es\/wp-json\/wp\/v2\/users\/1"}],"replies":[{"embeddable":true,"href":"https:\/\/specialimo.com\/es\/wp-json\/wp\/v2\/comments?post=695"}],"version-history":[{"count":2,"href":"https:\/\/specialimo.com\/es\/wp-json\/wp\/v2\/posts\/695\/revisions"}],"predecessor-version":[{"id":3885,"href":"https:\/\/specialimo.com\/es\/wp-json\/wp\/v2\/posts\/695\/revisions\/3885"}],"wp:featuredmedia":[{"embeddable":true,"href":"https:\/\/specialimo.com\/es\/wp-json\/wp\/v2\/media\/697"}],"wp:attachment":[{"href":"https:\/\/specialimo.com\/es\/wp-json\/wp\/v2\/media?parent=695"}],"wp:term":[{"taxonomy":"category","embeddable":true,"href":"https:\/\/specialimo.com\/es\/wp-json\/wp\/v2\/categories?post=695"},{"taxonomy":"post_tag","embeddable":true,"href":"https:\/\/specialimo.com\/es\/wp-json\/wp\/v2\/tags?post=695"}],"curies":[{"name":"wp","href":"https:\/\/api.w.org\/{rel}","templated":true}]}}