{"id":689,"date":"2023-10-11T14:26:06","date_gmt":"2023-10-11T14:26:06","guid":{"rendered":"https:\/\/specialimo.codetec.pt\/?p=689"},"modified":"2024-03-29T18:18:20","modified_gmt":"2024-03-29T18:18:20","slug":"10-dicas-para-organizar-um-evento-corporativo-de-sucesso","status":"publish","type":"post","link":"https:\/\/specialimo.com\/fr\/2023\/10\/11\/10-dicas-para-organizar-um-evento-corporativo-de-sucesso\/","title":{"rendered":"10 Dicas para Organizar um Evento Corporativo de Sucesso"},"content":{"rendered":"<p>Os <strong>eventos corporativos<\/strong> s\u00e3o uma \u00f3tima maneira de criar uni\u00e3o na sua equipa, fazer <em>networking<\/em> com profissionais da ind\u00fastria ou lan\u00e7ar um novo produto ou servi\u00e7o. No entanto, <strong>organizar um evento corporativo de sucesso<\/strong> pode ser uma tarefa assustadora que requer muito planeamento, coordena\u00e7\u00e3o e aten\u00e7\u00e3o aos detalhes.<\/p>\n\n\n\n<p>Desde a escolha do local certo at\u00e9 \u00e0 cria\u00e7\u00e3o de uma experi\u00eancia memor\u00e1vel para os seus convidados, existem muitos fatores a ter em conta para o sucesso do seu evento. \u00c9 por isso que elaboramos esta <strong>lista de dicas para organizar um evento corporativo de sucesso<\/strong>. Se est\u00e1 a planear o lan\u00e7amento de um produto, fazer uma confer\u00eancia ou uma atividade de <em>team building<\/em>, estas dicas ir\u00e3o ajudar a lan\u00e7ar um evento memor\u00e1vel e bem-sucedido, que atinja os seus objetivos e supere as expectativas dos seus convidados.<\/p>\n\n\n\n<h2 class=\"wp-block-heading\"><strong>Objetivo do Evento<\/strong><\/h2>\n\n\n\n<p>Antes de come\u00e7ar a planear o seu <strong>evento corporativo<\/strong>, precisa de definir o seu prop\u00f3sito e os objetivos do evento. O que espera alcan\u00e7ar com este evento? \u00c9 para um lan\u00e7amento de produto? Uma confer\u00eancia? <em>Team building<\/em>?<\/p>\n\n\n\n<p>Se n\u00e3o tiver objetivos claros, ser\u00e1 dif\u00edcil medir o <strong>sucesso do evento<\/strong>. Para al\u00e9m disso, ao definir os seus objetivos, pode decidir quem deve participar no evento e como promov\u00ea-lo junto do p\u00fablico-alvo certo.<\/p>\n\n\n\n<h2 class=\"wp-block-heading\"><strong>Determine o or\u00e7amento e aloque recursos<\/strong><\/h2>\n\n\n\n<p>O pr\u00f3ximo passo \u00e9 determinar um or\u00e7amento para o evento. N\u00e3o importa o tamanho do seu evento, \u00e9 necess\u00e1rio ter um or\u00e7amento claro para que possa fazer um planeamento adequado. Considere custos como o local, os equipamentos necess\u00e1rios, a alimenta\u00e7\u00e3o, a promo\u00e7\u00e3o, a decora\u00e7\u00e3o e o entretenimento necess\u00e1rio.<\/p>\n\n\n\n<p>Depois de ter um or\u00e7amento definido, pode come\u00e7ar a alocar recursos. Quem ser\u00e1 respons\u00e1vel por cada aspeto do evento? Certifique-se de que cada pessoa tenha uma lista clara de tarefas e um cronograma para tratar dessas tarefas.<\/p>\n\n\n\n<h2 class=\"wp-block-heading\"><strong>Crie um cronograma e planeie com anteced\u00eancia<\/strong><\/h2>\n\n\n\n<p>Ao planear um <strong>evento corporativo<\/strong>, \u00e9 importante ter um cronograma claro e preparar-se com anteced\u00eancia. Isso significa que deve come\u00e7ar a planear o evento com pelo menos seis meses de anteced\u00eancia, dependendo do tamanho do evento.<\/p>\n\n\n\n<p>Comece por definir uma data e um local para o evento, para depois desenvolver o seu trabalho a partir da\u00ed. Certifique-se de que o local esteja dispon\u00edvel e reserve-o com anteced\u00eancia. De seguida, crie um plano de eventos detalhado, incluindo hor\u00e1rios, atividades e outras informa\u00e7\u00f5es importantes. Tenha tamb\u00e9m a certeza de que todos os envolvidos no planeamento do evento tenham uma c\u00f3pia do plano.<\/p>\n\n\n\n<h2 class=\"wp-block-heading\"><strong>Escolha o local e os fornecedores certos<\/strong><\/h2>\n\n\n\n<p>A escolha do local \u00e9 crucial para o sucesso do seu <strong>evento corporativo<\/strong>. Certifique-se de que o local seja adequado ao tamanho do evento e tenha as comodidades necess\u00e1rias, como estacionamento, cozinha e casas de banho adequadas.<\/p>\n\n\n\n<p>Para al\u00e9m disso, selecione fornecedores que possam proporcionar servi\u00e7os de qualidade para o seu evento, como transporte, catering, equipamentos de \u00e1udio e v\u00eddeo, decora\u00e7\u00e3o e entretenimento. Certifique-se de que estes fornecedores t\u00eam um historial comprovado de servi\u00e7os de qualidade e que estejam dispon\u00edveis para o seu evento.<\/p>\n\n\n\n<h2 class=\"wp-block-heading\"><strong>Desenvolva um plano de marketing e promo\u00e7\u00e3o<\/strong><\/h2>\n\n\n\n<p>Para garantir que um <strong>evento corporativo<\/strong> seja bem-sucedido, \u00e9 necess\u00e1rio criar um plano de marketing e de promo\u00e7\u00e3o eficaz. Isto pode incluir a cria\u00e7\u00e3o de um site ou uma <em>landing page<\/em> do evento, o envio de convites por e-mail ou correio, a promo\u00e7\u00e3o do evento nas redes sociais ou a publica\u00e7\u00e3o de an\u00fancios em jornais ou revistas do setor.<\/p>\n\n\n\n<p>N\u00e3o se esque\u00e7a tamb\u00e9m que necessita de se envolver e de comunicar diretamente com os participantes antes, durante e depois do evento. Poder\u00e1 faz\u00ea-lo atrav\u00e9s do envio de lembretes antes do evento, o desenvolvimento de uma app do evento, a cria\u00e7\u00e3o de uma <em>hashtag<\/em> ou a realiza\u00e7\u00e3o de inqu\u00e9ritos de satisfa\u00e7\u00e3o ap\u00f3s o evento. Assim, conseguir\u00e1 ter a certeza de que os participantes se sentem valorizados e que as suas necessidades s\u00e3o respondidas.<\/p>\n\n\n\n<p>Tenha a certeza de que a sua mensagem \u00e9 clara e direta em todos os momentos de comunica\u00e7\u00e3o e que o p\u00fablico-alvo seja bem definido.<\/p>\n\n\n\n<h2 class=\"wp-block-heading\"><strong>Um evento corporativo de sucesso<\/strong><\/h2>\n\n\n\n<p>Organizar um <strong>evento corporativo de sucesso<\/strong> pode ser algo desafiador, mas, com as dicas certas, pode criar uma experi\u00eancia memor\u00e1vel para os participantes e atingir os seus objetivos comerciais. Lembre-se de definir os seus objetivos, determinar um or\u00e7amento claro e atribuir recursos, criar um cronograma detalhado e planear com anteced\u00eancia, escolher o local e os fornecedores certos, desenvolver um plano de marketing e promo\u00e7\u00e3o eficaz, determinar a log\u00edstica e os detalhes do evento, envolver e comunicar com os participantes e avaliar e medir o sucesso do evento.<\/p>","protected":false},"excerpt":{"rendered":"<p>Os eventos corporativos s\u00e3o uma \u00f3tima maneira de criar uni\u00e3o na sua equipa, fazer networking com profissionais da ind\u00fastria ou lan\u00e7ar um novo produto ou servi\u00e7o. No entanto, organizar um evento corporativo de sucesso pode ser uma tarefa assustadora que requer muito planeamento, coordena\u00e7\u00e3o e aten\u00e7\u00e3o aos detalhes. Desde a escolha do local certo at\u00e9 [&hellip;]<\/p>","protected":false},"author":1,"featured_media":690,"comment_status":"open","ping_status":"open","sticky":false,"template":"","format":"standard","meta":{"_eb_attr":"","ocean_post_layout":"","ocean_both_sidebars_style":"","ocean_both_sidebars_content_width":0,"ocean_both_sidebars_sidebars_width":0,"ocean_sidebar":"","ocean_second_sidebar":"","ocean_disable_margins":"enable","ocean_add_body_class":"","ocean_shortcode_before_top_bar":"","ocean_shortcode_after_top_bar":"","ocean_shortcode_before_header":"","ocean_shortcode_after_header":"","ocean_has_shortcode":"","ocean_shortcode_after_title":"","ocean_shortcode_before_footer_widgets":"","ocean_shortcode_after_footer_widgets":"","ocean_shortcode_before_footer_bottom":"","ocean_shortcode_after_footer_bottom":"","ocean_display_top_bar":"default","ocean_display_header":"default","ocean_header_style":"","ocean_center_header_left_menu":"","ocean_custom_header_template":"","ocean_custom_logo":0,"ocean_custom_retina_logo":0,"ocean_custom_logo_max_width":0,"ocean_custom_logo_tablet_max_width":0,"ocean_custom_logo_mobile_max_width":0,"ocean_custom_logo_max_height":0,"ocean_custom_logo_tablet_max_height":0,"ocean_custom_logo_mobile_max_height":0,"ocean_header_custom_menu":"","ocean_menu_typo_font_family":"","ocean_menu_typo_font_subset":"","ocean_menu_typo_font_size":0,"ocean_menu_typo_font_size_tablet":0,"ocean_menu_typo_font_size_mobile":0,"ocean_menu_typo_font_size_unit":"px","ocean_menu_typo_font_weight":"","ocean_menu_typo_font_weight_tablet":"","ocean_menu_typo_font_weight_mobile":"","ocean_menu_typo_transform":"","ocean_menu_typo_transform_tablet":"","ocean_menu_typo_transform_mobile":"","ocean_menu_typo_line_height":0,"ocean_menu_typo_line_height_tablet":0,"ocean_menu_typo_line_height_mobile":0,"ocean_menu_typo_line_height_unit":"","ocean_menu_typo_spacing":0,"ocean_menu_typo_spacing_tablet":0,"ocean_menu_typo_spacing_mobile":0,"ocean_menu_typo_spacing_unit":"","ocean_menu_link_color":"","ocean_menu_link_color_hover":"","ocean_menu_link_color_active":"","ocean_menu_link_background":"","ocean_menu_link_hover_background":"","ocean_menu_link_active_background":"","ocean_menu_social_links_bg":"","ocean_menu_social_hover_links_bg":"","ocean_menu_social_links_color":"","ocean_menu_social_hover_links_color":"","ocean_disable_title":"default","ocean_disable_heading":"default","ocean_post_title":"","ocean_post_subheading":"","ocean_post_title_style":"","ocean_post_title_background_color":"","ocean_post_title_background":0,"ocean_post_title_bg_image_position":"","ocean_post_title_bg_image_attachment":"","ocean_post_title_bg_image_repeat":"","ocean_post_title_bg_image_size":"","ocean_post_title_height":0,"ocean_post_title_bg_overlay":0.5,"ocean_post_title_bg_overlay_color":"","ocean_disable_breadcrumbs":"default","ocean_breadcrumbs_color":"","ocean_breadcrumbs_separator_color":"","ocean_breadcrumbs_links_color":"","ocean_breadcrumbs_links_hover_color":"","ocean_display_footer_widgets":"default","ocean_display_footer_bottom":"default","ocean_custom_footer_template":"","_joinchat":[],"ocean_post_oembed":"","ocean_post_self_hosted_media":"","ocean_post_video_embed":"","ocean_link_format":"","ocean_link_format_target":"self","ocean_quote_format":"","ocean_quote_format_link":"post","ocean_gallery_link_images":"on","ocean_gallery_id":[],"footnotes":""},"categories":[6],"tags":[21,19,20],"class_list":["post-689","post","type-post","status-publish","format-standard","has-post-thumbnail","hentry","category-corporate","tag-como-organizar-um-evento","tag-eventos-em-lisboa","tag-eventos-em-portugal","entry","has-media"],"yoast_head":"<!-- This site is optimized with the Yoast SEO plugin v27.4 - https:\/\/yoast.com\/product\/yoast-seo-wordpress\/ -->\n<title>10 Dicas para Organizar um Evento Corporativo de Sucesso - Aluguer de carros e van com motorista - Specialimo<\/title>\n<meta name=\"robots\" content=\"index, follow, max-snippet:-1, max-image-preview:large, max-video-preview:-1\" \/>\n<link rel=\"canonical\" href=\"https:\/\/specialimo.com\/fr\/2023\/10\/11\/10-dicas-para-organizar-um-evento-corporativo-de-sucesso\/\" \/>\n<meta property=\"og:locale\" content=\"fr_FR\" \/>\n<meta property=\"og:type\" content=\"article\" \/>\n<meta property=\"og:title\" content=\"10 Dicas para Organizar um Evento Corporativo de Sucesso - Aluguer de carros e van com motorista - Specialimo\" \/>\n<meta property=\"og:description\" content=\"Os eventos corporativos s\u00e3o uma \u00f3tima maneira de criar uni\u00e3o na sua equipa, fazer networking com profissionais da ind\u00fastria ou lan\u00e7ar um novo produto ou servi\u00e7o. No entanto, organizar um evento corporativo de sucesso pode ser uma tarefa assustadora que requer muito planeamento, coordena\u00e7\u00e3o e aten\u00e7\u00e3o aos detalhes. Desde a escolha do local certo at\u00e9 [&hellip;]\" \/>\n<meta property=\"og:url\" content=\"https:\/\/specialimo.com\/fr\/2023\/10\/11\/10-dicas-para-organizar-um-evento-corporativo-de-sucesso\/\" \/>\n<meta property=\"og:site_name\" content=\"Aluguer de carros e van com motorista - Specialimo\" \/>\n<meta property=\"article:published_time\" content=\"2023-10-11T14:26:06+00:00\" \/>\n<meta property=\"article:modified_time\" content=\"2024-03-29T18:18:20+00:00\" \/>\n<meta property=\"og:image\" content=\"https:\/\/specialimo.com\/wp-content\/uploads\/2023\/10\/10DicasParaOrganizarUmEventoCorporativoDeSucesso.jpg\" \/>\n\t<meta property=\"og:image:width\" content=\"1920\" \/>\n\t<meta property=\"og:image:height\" content=\"1080\" \/>\n\t<meta property=\"og:image:type\" content=\"image\/jpeg\" \/>\n<meta name=\"author\" content=\"adminspc\" \/>\n<meta name=\"twitter:card\" content=\"summary_large_image\" \/>\n<meta name=\"twitter:label1\" content=\"\u00c9crit par\" \/>\n\t<meta name=\"twitter:data1\" content=\"adminspc\" \/>\n\t<meta name=\"twitter:label2\" content=\"Dur\u00e9e de lecture estim\u00e9e\" \/>\n\t<meta name=\"twitter:data2\" content=\"4 minutes\" \/>\n<script type=\"application\/ld+json\" class=\"yoast-schema-graph\">{\"@context\":\"https:\\\/\\\/schema.org\",\"@graph\":[{\"@type\":\"Article\",\"@id\":\"https:\\\/\\\/specialimo.com\\\/2023\\\/10\\\/11\\\/10-dicas-para-organizar-um-evento-corporativo-de-sucesso\\\/#article\",\"isPartOf\":{\"@id\":\"https:\\\/\\\/specialimo.com\\\/2023\\\/10\\\/11\\\/10-dicas-para-organizar-um-evento-corporativo-de-sucesso\\\/\"},\"author\":{\"name\":\"adminspc\",\"@id\":\"https:\\\/\\\/specialimo.com\\\/#\\\/schema\\\/person\\\/ccddb6a0a6a9474417418b9019aa96f4\"},\"headline\":\"10 Dicas para Organizar um Evento Corporativo de Sucesso\",\"datePublished\":\"2023-10-11T14:26:06+00:00\",\"dateModified\":\"2024-03-29T18:18:20+00:00\",\"mainEntityOfPage\":{\"@id\":\"https:\\\/\\\/specialimo.com\\\/2023\\\/10\\\/11\\\/10-dicas-para-organizar-um-evento-corporativo-de-sucesso\\\/\"},\"wordCount\":836,\"commentCount\":0,\"publisher\":{\"@id\":\"https:\\\/\\\/specialimo.com\\\/#organization\"},\"image\":{\"@id\":\"https:\\\/\\\/specialimo.com\\\/2023\\\/10\\\/11\\\/10-dicas-para-organizar-um-evento-corporativo-de-sucesso\\\/#primaryimage\"},\"thumbnailUrl\":\"https:\\\/\\\/specialimo.com\\\/wp-content\\\/uploads\\\/2023\\\/10\\\/10DicasParaOrganizarUmEventoCorporativoDeSucesso.jpg\",\"keywords\":[\"Como organizar um evento\",\"Eventos em Lisboa\",\"Eventos em Portugal\"],\"articleSection\":[\"Corporate\"],\"inLanguage\":\"fr-FR\",\"potentialAction\":[{\"@type\":\"CommentAction\",\"name\":\"Comment\",\"target\":[\"https:\\\/\\\/specialimo.com\\\/2023\\\/10\\\/11\\\/10-dicas-para-organizar-um-evento-corporativo-de-sucesso\\\/#respond\"]}]},{\"@type\":\"WebPage\",\"@id\":\"https:\\\/\\\/specialimo.com\\\/2023\\\/10\\\/11\\\/10-dicas-para-organizar-um-evento-corporativo-de-sucesso\\\/\",\"url\":\"https:\\\/\\\/specialimo.com\\\/2023\\\/10\\\/11\\\/10-dicas-para-organizar-um-evento-corporativo-de-sucesso\\\/\",\"name\":\"10 Dicas para Organizar um Evento Corporativo de Sucesso - Aluguer de carros e van com motorista - Specialimo\",\"isPartOf\":{\"@id\":\"https:\\\/\\\/specialimo.com\\\/#website\"},\"primaryImageOfPage\":{\"@id\":\"https:\\\/\\\/specialimo.com\\\/2023\\\/10\\\/11\\\/10-dicas-para-organizar-um-evento-corporativo-de-sucesso\\\/#primaryimage\"},\"image\":{\"@id\":\"https:\\\/\\\/specialimo.com\\\/2023\\\/10\\\/11\\\/10-dicas-para-organizar-um-evento-corporativo-de-sucesso\\\/#primaryimage\"},\"thumbnailUrl\":\"https:\\\/\\\/specialimo.com\\\/wp-content\\\/uploads\\\/2023\\\/10\\\/10DicasParaOrganizarUmEventoCorporativoDeSucesso.jpg\",\"datePublished\":\"2023-10-11T14:26:06+00:00\",\"dateModified\":\"2024-03-29T18:18:20+00:00\",\"breadcrumb\":{\"@id\":\"https:\\\/\\\/specialimo.com\\\/2023\\\/10\\\/11\\\/10-dicas-para-organizar-um-evento-corporativo-de-sucesso\\\/#breadcrumb\"},\"inLanguage\":\"fr-FR\",\"potentialAction\":[{\"@type\":\"ReadAction\",\"target\":[\"https:\\\/\\\/specialimo.com\\\/2023\\\/10\\\/11\\\/10-dicas-para-organizar-um-evento-corporativo-de-sucesso\\\/\"]}]},{\"@type\":\"ImageObject\",\"inLanguage\":\"fr-FR\",\"@id\":\"https:\\\/\\\/specialimo.com\\\/2023\\\/10\\\/11\\\/10-dicas-para-organizar-um-evento-corporativo-de-sucesso\\\/#primaryimage\",\"url\":\"https:\\\/\\\/specialimo.com\\\/wp-content\\\/uploads\\\/2023\\\/10\\\/10DicasParaOrganizarUmEventoCorporativoDeSucesso.jpg\",\"contentUrl\":\"https:\\\/\\\/specialimo.com\\\/wp-content\\\/uploads\\\/2023\\\/10\\\/10DicasParaOrganizarUmEventoCorporativoDeSucesso.jpg\",\"width\":1920,\"height\":1080},{\"@type\":\"BreadcrumbList\",\"@id\":\"https:\\\/\\\/specialimo.com\\\/2023\\\/10\\\/11\\\/10-dicas-para-organizar-um-evento-corporativo-de-sucesso\\\/#breadcrumb\",\"itemListElement\":[{\"@type\":\"ListItem\",\"position\":1,\"name\":\"In\u00edcio\",\"item\":\"https:\\\/\\\/specialimo.com\\\/\"},{\"@type\":\"ListItem\",\"position\":2,\"name\":\"10 Dicas para Organizar um Evento Corporativo de Sucesso\"}]},{\"@type\":\"WebSite\",\"@id\":\"https:\\\/\\\/specialimo.com\\\/#website\",\"url\":\"https:\\\/\\\/specialimo.com\\\/\",\"name\":\"Aluguer de carros e van com motorista - Specialimo\",\"description\":\" Aluguer de carros, van, minibus e autocarro com motorista\",\"publisher\":{\"@id\":\"https:\\\/\\\/specialimo.com\\\/#organization\"},\"potentialAction\":[{\"@type\":\"SearchAction\",\"target\":{\"@type\":\"EntryPoint\",\"urlTemplate\":\"https:\\\/\\\/specialimo.com\\\/?s={search_term_string}\"},\"query-input\":{\"@type\":\"PropertyValueSpecification\",\"valueRequired\":true,\"valueName\":\"search_term_string\"}}],\"inLanguage\":\"fr-FR\"},{\"@type\":\"Organization\",\"@id\":\"https:\\\/\\\/specialimo.com\\\/#organization\",\"name\":\"Aluguer de carros e van com motorista - Specialimo\",\"url\":\"https:\\\/\\\/specialimo.com\\\/\",\"logo\":{\"@type\":\"ImageObject\",\"inLanguage\":\"fr-FR\",\"@id\":\"https:\\\/\\\/specialimo.com\\\/#\\\/schema\\\/logo\\\/image\\\/\",\"url\":\"https:\\\/\\\/specialimo.com\\\/wp-content\\\/uploads\\\/2023\\\/10\\\/logo.png\",\"contentUrl\":\"https:\\\/\\\/specialimo.com\\\/wp-content\\\/uploads\\\/2023\\\/10\\\/logo.png\",\"width\":422,\"height\":165,\"caption\":\"Aluguer de carros e van com motorista - Specialimo\"},\"image\":{\"@id\":\"https:\\\/\\\/specialimo.com\\\/#\\\/schema\\\/logo\\\/image\\\/\"}},{\"@type\":\"Person\",\"@id\":\"https:\\\/\\\/specialimo.com\\\/#\\\/schema\\\/person\\\/ccddb6a0a6a9474417418b9019aa96f4\",\"name\":\"adminspc\",\"image\":{\"@type\":\"ImageObject\",\"inLanguage\":\"fr-FR\",\"@id\":\"https:\\\/\\\/secure.gravatar.com\\\/avatar\\\/9fbc8ff784e4e02a67c011ca8fdb1c8b13303bc2fc7a62d4cf327bee4cbf7d64?s=96&d=mm&r=g\",\"url\":\"https:\\\/\\\/secure.gravatar.com\\\/avatar\\\/9fbc8ff784e4e02a67c011ca8fdb1c8b13303bc2fc7a62d4cf327bee4cbf7d64?s=96&d=mm&r=g\",\"contentUrl\":\"https:\\\/\\\/secure.gravatar.com\\\/avatar\\\/9fbc8ff784e4e02a67c011ca8fdb1c8b13303bc2fc7a62d4cf327bee4cbf7d64?s=96&d=mm&r=g\",\"caption\":\"adminspc\"},\"sameAs\":[\"https:\\\/\\\/specialimo.codetec.pt\"],\"url\":\"https:\\\/\\\/specialimo.com\\\/fr\\\/author\\\/adminspc\\\/\"}]}<\/script>\n<!-- \/ Yoast SEO plugin. -->","yoast_head_json":{"title":"10 Dicas para Organizar um Evento Corporativo de Sucesso - Aluguer de carros e van com motorista - Specialimo","robots":{"index":"index","follow":"follow","max-snippet":"max-snippet:-1","max-image-preview":"max-image-preview:large","max-video-preview":"max-video-preview:-1"},"canonical":"https:\/\/specialimo.com\/fr\/2023\/10\/11\/10-dicas-para-organizar-um-evento-corporativo-de-sucesso\/","og_locale":"fr_FR","og_type":"article","og_title":"10 Dicas para Organizar um Evento Corporativo de Sucesso - Aluguer de carros e van com motorista - Specialimo","og_description":"Os eventos corporativos s\u00e3o uma \u00f3tima maneira de criar uni\u00e3o na sua equipa, fazer networking com profissionais da ind\u00fastria ou lan\u00e7ar um novo produto ou servi\u00e7o. No entanto, organizar um evento corporativo de sucesso pode ser uma tarefa assustadora que requer muito planeamento, coordena\u00e7\u00e3o e aten\u00e7\u00e3o aos detalhes. Desde a escolha do local certo at\u00e9 [&hellip;]","og_url":"https:\/\/specialimo.com\/fr\/2023\/10\/11\/10-dicas-para-organizar-um-evento-corporativo-de-sucesso\/","og_site_name":"Aluguer de carros e van com motorista - Specialimo","article_published_time":"2023-10-11T14:26:06+00:00","article_modified_time":"2024-03-29T18:18:20+00:00","og_image":[{"width":1920,"height":1080,"url":"https:\/\/specialimo.com\/wp-content\/uploads\/2023\/10\/10DicasParaOrganizarUmEventoCorporativoDeSucesso.jpg","type":"image\/jpeg"}],"author":"adminspc","twitter_card":"summary_large_image","twitter_misc":{"\u00c9crit par":"adminspc","Dur\u00e9e de lecture estim\u00e9e":"4 minutes"},"schema":{"@context":"https:\/\/schema.org","@graph":[{"@type":"Article","@id":"https:\/\/specialimo.com\/2023\/10\/11\/10-dicas-para-organizar-um-evento-corporativo-de-sucesso\/#article","isPartOf":{"@id":"https:\/\/specialimo.com\/2023\/10\/11\/10-dicas-para-organizar-um-evento-corporativo-de-sucesso\/"},"author":{"name":"adminspc","@id":"https:\/\/specialimo.com\/#\/schema\/person\/ccddb6a0a6a9474417418b9019aa96f4"},"headline":"10 Dicas para Organizar um Evento Corporativo de Sucesso","datePublished":"2023-10-11T14:26:06+00:00","dateModified":"2024-03-29T18:18:20+00:00","mainEntityOfPage":{"@id":"https:\/\/specialimo.com\/2023\/10\/11\/10-dicas-para-organizar-um-evento-corporativo-de-sucesso\/"},"wordCount":836,"commentCount":0,"publisher":{"@id":"https:\/\/specialimo.com\/#organization"},"image":{"@id":"https:\/\/specialimo.com\/2023\/10\/11\/10-dicas-para-organizar-um-evento-corporativo-de-sucesso\/#primaryimage"},"thumbnailUrl":"https:\/\/specialimo.com\/wp-content\/uploads\/2023\/10\/10DicasParaOrganizarUmEventoCorporativoDeSucesso.jpg","keywords":["Como organizar um evento","Eventos em Lisboa","Eventos em Portugal"],"articleSection":["Corporate"],"inLanguage":"fr-FR","potentialAction":[{"@type":"CommentAction","name":"Comment","target":["https:\/\/specialimo.com\/2023\/10\/11\/10-dicas-para-organizar-um-evento-corporativo-de-sucesso\/#respond"]}]},{"@type":"WebPage","@id":"https:\/\/specialimo.com\/2023\/10\/11\/10-dicas-para-organizar-um-evento-corporativo-de-sucesso\/","url":"https:\/\/specialimo.com\/2023\/10\/11\/10-dicas-para-organizar-um-evento-corporativo-de-sucesso\/","name":"10 Dicas para Organizar um Evento Corporativo de Sucesso - Aluguer de carros e van com motorista - Specialimo","isPartOf":{"@id":"https:\/\/specialimo.com\/#website"},"primaryImageOfPage":{"@id":"https:\/\/specialimo.com\/2023\/10\/11\/10-dicas-para-organizar-um-evento-corporativo-de-sucesso\/#primaryimage"},"image":{"@id":"https:\/\/specialimo.com\/2023\/10\/11\/10-dicas-para-organizar-um-evento-corporativo-de-sucesso\/#primaryimage"},"thumbnailUrl":"https:\/\/specialimo.com\/wp-content\/uploads\/2023\/10\/10DicasParaOrganizarUmEventoCorporativoDeSucesso.jpg","datePublished":"2023-10-11T14:26:06+00:00","dateModified":"2024-03-29T18:18:20+00:00","breadcrumb":{"@id":"https:\/\/specialimo.com\/2023\/10\/11\/10-dicas-para-organizar-um-evento-corporativo-de-sucesso\/#breadcrumb"},"inLanguage":"fr-FR","potentialAction":[{"@type":"ReadAction","target":["https:\/\/specialimo.com\/2023\/10\/11\/10-dicas-para-organizar-um-evento-corporativo-de-sucesso\/"]}]},{"@type":"ImageObject","inLanguage":"fr-FR","@id":"https:\/\/specialimo.com\/2023\/10\/11\/10-dicas-para-organizar-um-evento-corporativo-de-sucesso\/#primaryimage","url":"https:\/\/specialimo.com\/wp-content\/uploads\/2023\/10\/10DicasParaOrganizarUmEventoCorporativoDeSucesso.jpg","contentUrl":"https:\/\/specialimo.com\/wp-content\/uploads\/2023\/10\/10DicasParaOrganizarUmEventoCorporativoDeSucesso.jpg","width":1920,"height":1080},{"@type":"BreadcrumbList","@id":"https:\/\/specialimo.com\/2023\/10\/11\/10-dicas-para-organizar-um-evento-corporativo-de-sucesso\/#breadcrumb","itemListElement":[{"@type":"ListItem","position":1,"name":"In\u00edcio","item":"https:\/\/specialimo.com\/"},{"@type":"ListItem","position":2,"name":"10 Dicas para Organizar um Evento Corporativo de Sucesso"}]},{"@type":"WebSite","@id":"https:\/\/specialimo.com\/#website","url":"https:\/\/specialimo.com\/","name":"Aluguer de carros e van com motorista - Specialimo","description":"Aluguer de carros, van, minibus e autocarro com motorista","publisher":{"@id":"https:\/\/specialimo.com\/#organization"},"potentialAction":[{"@type":"SearchAction","target":{"@type":"EntryPoint","urlTemplate":"https:\/\/specialimo.com\/?s={search_term_string}"},"query-input":{"@type":"PropertyValueSpecification","valueRequired":true,"valueName":"search_term_string"}}],"inLanguage":"fr-FR"},{"@type":"Organization","@id":"https:\/\/specialimo.com\/#organization","name":"Aluguer de carros e van com motorista - Specialimo","url":"https:\/\/specialimo.com\/","logo":{"@type":"ImageObject","inLanguage":"fr-FR","@id":"https:\/\/specialimo.com\/#\/schema\/logo\/image\/","url":"https:\/\/specialimo.com\/wp-content\/uploads\/2023\/10\/logo.png","contentUrl":"https:\/\/specialimo.com\/wp-content\/uploads\/2023\/10\/logo.png","width":422,"height":165,"caption":"Aluguer de carros e van com motorista - Specialimo"},"image":{"@id":"https:\/\/specialimo.com\/#\/schema\/logo\/image\/"}},{"@type":"Person","@id":"https:\/\/specialimo.com\/#\/schema\/person\/ccddb6a0a6a9474417418b9019aa96f4","name":"adminspc","image":{"@type":"ImageObject","inLanguage":"fr-FR","@id":"https:\/\/secure.gravatar.com\/avatar\/9fbc8ff784e4e02a67c011ca8fdb1c8b13303bc2fc7a62d4cf327bee4cbf7d64?s=96&d=mm&r=g","url":"https:\/\/secure.gravatar.com\/avatar\/9fbc8ff784e4e02a67c011ca8fdb1c8b13303bc2fc7a62d4cf327bee4cbf7d64?s=96&d=mm&r=g","contentUrl":"https:\/\/secure.gravatar.com\/avatar\/9fbc8ff784e4e02a67c011ca8fdb1c8b13303bc2fc7a62d4cf327bee4cbf7d64?s=96&d=mm&r=g","caption":"adminspc"},"sameAs":["https:\/\/specialimo.codetec.pt"],"url":"https:\/\/specialimo.com\/fr\/author\/adminspc\/"}]}},"_links":{"self":[{"href":"https:\/\/specialimo.com\/fr\/wp-json\/wp\/v2\/posts\/689","targetHints":{"allow":["GET"]}}],"collection":[{"href":"https:\/\/specialimo.com\/fr\/wp-json\/wp\/v2\/posts"}],"about":[{"href":"https:\/\/specialimo.com\/fr\/wp-json\/wp\/v2\/types\/post"}],"author":[{"embeddable":true,"href":"https:\/\/specialimo.com\/fr\/wp-json\/wp\/v2\/users\/1"}],"replies":[{"embeddable":true,"href":"https:\/\/specialimo.com\/fr\/wp-json\/wp\/v2\/comments?post=689"}],"version-history":[{"count":1,"href":"https:\/\/specialimo.com\/fr\/wp-json\/wp\/v2\/posts\/689\/revisions"}],"predecessor-version":[{"id":691,"href":"https:\/\/specialimo.com\/fr\/wp-json\/wp\/v2\/posts\/689\/revisions\/691"}],"wp:featuredmedia":[{"embeddable":true,"href":"https:\/\/specialimo.com\/fr\/wp-json\/wp\/v2\/media\/690"}],"wp:attachment":[{"href":"https:\/\/specialimo.com\/fr\/wp-json\/wp\/v2\/media?parent=689"}],"wp:term":[{"taxonomy":"category","embeddable":true,"href":"https:\/\/specialimo.com\/fr\/wp-json\/wp\/v2\/categories?post=689"},{"taxonomy":"post_tag","embeddable":true,"href":"https:\/\/specialimo.com\/fr\/wp-json\/wp\/v2\/tags?post=689"}],"curies":[{"name":"wp","href":"https:\/\/api.w.org\/{rel}","templated":true}]}}