{"id":692,"date":"2023-10-11T14:30:21","date_gmt":"2023-10-11T14:30:21","guid":{"rendered":"https:\/\/specialimo.codetec.pt\/?p=692"},"modified":"2024-03-29T18:17:22","modified_gmt":"2024-03-29T18:17:22","slug":"porque-e-que-um-carro-com-motorista-e-o-derradeiro-luxo-para-um-evento-especial","status":"publish","type":"post","link":"https:\/\/specialimo.com\/fr\/2023\/10\/11\/porque-e-que-um-carro-com-motorista-e-o-derradeiro-luxo-para-um-evento-especial\/","title":{"rendered":"Porque \u00e9 que um carro com motorista \u00e9 o derradeiro luxo para um evento especial"},"content":{"rendered":"<p>\u00c9 ineg\u00e1vel que chegar em grande estilo com um <strong>carro de luxo com motorista privado<\/strong> \u00e9 uma declara\u00e7\u00e3o de sofistica\u00e7\u00e3o. Quer se trate de um casamento, uma reuni\u00e3o de neg\u00f3cios ou outro evento especial, o transporte em que se chega \u00e9 t\u00e3o importante como o que se veste. E que melhor forma de fazer uma grande entrada do que num <strong>carro sofisticado com um motorista privado<\/strong>?<\/p>\n\n\n\n<p>Para muitos, contratar <strong>um carro com motorista privado<\/strong> \u00e9 o s\u00edmbolo m\u00e1ximo de grande estilo. N\u00e3o s\u00f3 acrescenta um toque de glamour ao seu evento, como tamb\u00e9m permite ter uma viagem mais segura. Pode sentar-se, relaxar e desfrutar da viagem, enquanto o seu <strong>motorista pessoal<\/strong> se preocupa com o tr\u00e2nsito e o estacionamento.<\/p>\n\n\n\n<p>Neste artigo, vamos explicar-lhe as raz\u00f5es segundo as quais <strong>um carro de luxo com um motorista privado<\/strong> \u00e9 a escolha certa para um evento ou acontecimento especial.<\/p>\n\n\n\n<h2 class=\"wp-block-heading\"><strong>Benef\u00edcios de alugar um carro com motorista privado para evnetos especiais<\/strong><\/h2>\n\n\n\n<p><strong>Alugar um carro com motorista<\/strong> para um evento especial oferece mais do que apenas transporte luxuoso. Oferece uma s\u00e9rie de benef\u00edcios que podem tornar o seu evento ainda mais memor\u00e1vel. Aqui est\u00e3o algumas vantagens de <strong>alugar um carro com motorista privado<\/strong>:<\/p>\n\n\n\n<h3 class=\"wp-block-heading\"><strong>Conforto e conveni\u00eancia<\/strong><\/h3>\n\n\n\n<p>A principal vantagem de <strong>alugar um carro com motorista<\/strong> para o seu evento especial \u00e9 o conforto e a comodidade que proporciona. Ao contr\u00e1rio de usar o seu pr\u00f3prio carro, n\u00e3o tem de se preocupar com o tr\u00e2nsito, o estacionamento ou ter de conduzir por estradas desconhecidas. Pode sentar-se, relaxar e desfrutar do passeio, enquanto o seu <strong>motorista pessoal<\/strong> se preocupa com tudo.<\/p>\n\n\n\n<h3 class=\"wp-block-heading\"><strong>Seguran\u00e7a e Prote\u00e7\u00e3o<\/strong><\/h3>\n\n\n\n<p>Outro <strong>benef\u00edcio de alugar um carro com motorista<\/strong> \u00e9 a seguran\u00e7a que proporciona. Os motoristas profissionais s\u00e3o formados para conduzirem em seguran\u00e7a e t\u00eam um bom conhecimento das estradas. Para al\u00e9m disso, <strong>alugar um carro com motorista privado<\/strong> reduz o risco de acidentes causados por condu\u00e7\u00e3o sob o efeito do \u00e1lcool, o que \u00e9 um problema comum durante eventos especiais, caso conduza o seu pr\u00f3prio carro.<\/p>\n\n\n\n<h3 class=\"wp-block-heading\"><strong>Estilo e Luxo<\/strong><\/h3>\n\n\n\n<p><strong>Alugar um carro com motorista<\/strong> acrescenta um toque de glamour ao seu evento. \u00c9 uma declara\u00e7\u00e3o de estilo e sofistica\u00e7\u00e3o que o far\u00e1 sobressair da multid\u00e3o. Na nossa empresa, pode escolher entre uma <strong>vasta gama de carros luxuosos<\/strong> que se adequar\u00e3o ao seu gosto e estilo. Das limusines cl\u00e1ssicas aos carros desportivos modernos, h\u00e1 um carro com motorista para cada ocasi\u00e3o.<\/p>\n\n\n\n<h2 class=\"wp-block-heading\"><strong>Tipos de eventos especiais para usar um carro com motorista privado<\/strong><\/h2>\n\n\n\n<p>Os <strong>carros com motorista particular<\/strong> s\u00e3o perfeitos para qualquer ocasi\u00e3o especial que requeira um transporte luxuoso. Aqui est\u00e3o alguns tipos de <strong>eventos perfeitos para contratar um carro de luxo com motorista<\/strong>:<\/p>\n\n\n\n<h3 class=\"wp-block-heading\"><strong>Mariages<\/strong><\/h3>\n\n\n\n<p>Os casamentos s\u00e3o um dos eventos mais populares para <strong>alugar um carro com motorista<\/strong>. Um <strong>carro luxuoso<\/strong> d\u00e1 um toque de glamour a qualquer casamento e permite que os noivos cheguem em grande estilo. Tamb\u00e9m proporciona um passeio confort\u00e1vel e calmo para o futuro casal, que pode relaxar e desfrutar do momento at\u00e9 \u00e0 igreja, enquanto o seu motorista se preocupa com a condu\u00e7\u00e3o.<\/p>\n\n\n\n<h3 class=\"wp-block-heading\"><strong>Bailes de Finalistas<\/strong><\/h3>\n\n\n\n<p>Os bailes de finalistas s\u00e3o outro tipo de evento em que um <strong>carro com condutor privado<\/strong> \u00e9 obrigat\u00f3rio. \u00c9 um evento \u00fanico na vida de muitos estudantes e chegar num <strong>carro luxuoso<\/strong> torn\u00e1-lo-\u00e1 ainda mais especial. Tamb\u00e9m proporciona um modo de transporte seguro e conveniente para os estudantes, que podem desfrutar da noite sem terem de se preocupar com a ida e o regresso a casa.<\/p>\n\n\n\n<h3 class=\"wp-block-heading\"><strong>Reuni\u00f5es de neg\u00f3cios<\/strong><\/h3>\n\n\n\n<p>As reuni\u00f5es de neg\u00f3cios s\u00e3o ocasi\u00f5es perfeitas para <strong>contratar um carro com motorista<\/strong>. Assim, \u00e9 poss\u00edvel proporcionar um espa\u00e7o confort\u00e1vel e privado para os empres\u00e1rios se prepararem para a sua reuni\u00e3o e tamb\u00e9m assegura que cheguem a horas e com estilo. \u00c9 uma \u00f3tima forma de causar uma boa primeira impress\u00e3o aos seus clientes e parceiros.<\/p>\n\n\n\n<h2 class=\"wp-block-heading\"><strong>Conclus\u00e3o<\/strong><\/h2>\n\n\n\n<p>Em conclus\u00e3o, <strong>alugar um carro com motorista privado<\/strong> para um evento especial \u00e9 um toque de luxo essencial. Quer se trate de um casamento, baile de finalistas, reuni\u00e3o de neg\u00f3cios ou outra ocasi\u00e3o especial, um <strong>carro de luxo com motorista<\/strong> \u00e9 a escolha perfeita para chegar em grande estilo. Portanto, entre em contacto connosco e reserve um carro com motorista para o seu pr\u00f3ximo evento.<\/p>","protected":false},"excerpt":{"rendered":"<p>\u00c9 ineg\u00e1vel que chegar em grande estilo com um carro de luxo com motorista privado \u00e9 uma declara\u00e7\u00e3o de sofistica\u00e7\u00e3o. Quer se trate de um casamento, uma reuni\u00e3o de neg\u00f3cios ou outro evento especial, o transporte em que se chega \u00e9 t\u00e3o importante como o que se veste. E que melhor forma de fazer uma [&hellip;]<\/p>","protected":false},"author":1,"featured_media":693,"comment_status":"open","ping_status":"open","sticky":false,"template":"","format":"standard","meta":{"_eb_attr":"","ocean_post_layout":"","ocean_both_sidebars_style":"","ocean_both_sidebars_content_width":0,"ocean_both_sidebars_sidebars_width":0,"ocean_sidebar":"","ocean_second_sidebar":"","ocean_disable_margins":"enable","ocean_add_body_class":"","ocean_shortcode_before_top_bar":"","ocean_shortcode_after_top_bar":"","ocean_shortcode_before_header":"","ocean_shortcode_after_header":"","ocean_has_shortcode":"","ocean_shortcode_after_title":"","ocean_shortcode_before_footer_widgets":"","ocean_shortcode_after_footer_widgets":"","ocean_shortcode_before_footer_bottom":"","ocean_shortcode_after_footer_bottom":"","ocean_display_top_bar":"default","ocean_display_header":"default","ocean_header_style":"","ocean_center_header_left_menu":"","ocean_custom_header_template":"","ocean_custom_logo":0,"ocean_custom_retina_logo":0,"ocean_custom_logo_max_width":0,"ocean_custom_logo_tablet_max_width":0,"ocean_custom_logo_mobile_max_width":0,"ocean_custom_logo_max_height":0,"ocean_custom_logo_tablet_max_height":0,"ocean_custom_logo_mobile_max_height":0,"ocean_header_custom_menu":"","ocean_menu_typo_font_family":"","ocean_menu_typo_font_subset":"","ocean_menu_typo_font_size":0,"ocean_menu_typo_font_size_tablet":0,"ocean_menu_typo_font_size_mobile":0,"ocean_menu_typo_font_size_unit":"px","ocean_menu_typo_font_weight":"","ocean_menu_typo_font_weight_tablet":"","ocean_menu_typo_font_weight_mobile":"","ocean_menu_typo_transform":"","ocean_menu_typo_transform_tablet":"","ocean_menu_typo_transform_mobile":"","ocean_menu_typo_line_height":0,"ocean_menu_typo_line_height_tablet":0,"ocean_menu_typo_line_height_mobile":0,"ocean_menu_typo_line_height_unit":"","ocean_menu_typo_spacing":0,"ocean_menu_typo_spacing_tablet":0,"ocean_menu_typo_spacing_mobile":0,"ocean_menu_typo_spacing_unit":"","ocean_menu_link_color":"","ocean_menu_link_color_hover":"","ocean_menu_link_color_active":"","ocean_menu_link_background":"","ocean_menu_link_hover_background":"","ocean_menu_link_active_background":"","ocean_menu_social_links_bg":"","ocean_menu_social_hover_links_bg":"","ocean_menu_social_links_color":"","ocean_menu_social_hover_links_color":"","ocean_disable_title":"default","ocean_disable_heading":"default","ocean_post_title":"","ocean_post_subheading":"","ocean_post_title_style":"","ocean_post_title_background_color":"","ocean_post_title_background":0,"ocean_post_title_bg_image_position":"","ocean_post_title_bg_image_attachment":"","ocean_post_title_bg_image_repeat":"","ocean_post_title_bg_image_size":"","ocean_post_title_height":0,"ocean_post_title_bg_overlay":0.5,"ocean_post_title_bg_overlay_color":"","ocean_disable_breadcrumbs":"default","ocean_breadcrumbs_color":"","ocean_breadcrumbs_separator_color":"","ocean_breadcrumbs_links_color":"","ocean_breadcrumbs_links_hover_color":"","ocean_display_footer_widgets":"default","ocean_display_footer_bottom":"default","ocean_custom_footer_template":"","_joinchat":[],"ocean_post_oembed":"","ocean_post_self_hosted_media":"","ocean_post_video_embed":"","ocean_link_format":"","ocean_link_format_target":"self","ocean_quote_format":"","ocean_quote_format_link":"post","ocean_gallery_link_images":"on","ocean_gallery_id":[],"footnotes":""},"categories":[22],"tags":[23],"class_list":["post-692","post","type-post","status-publish","format-standard","has-post-thumbnail","hentry","category-carro-com-motorista-privado","tag-carro-com-motorista-privado","entry","has-media"],"yoast_head":"<!-- This site is optimized with the Yoast SEO plugin v27.4 - https:\/\/yoast.com\/product\/yoast-seo-wordpress\/ -->\n<title>Porque \u00e9 que um carro com motorista \u00e9 o derradeiro luxo para um evento especial - Aluguer de carros e van com motorista - Specialimo<\/title>\n<meta name=\"robots\" content=\"index, follow, max-snippet:-1, max-image-preview:large, max-video-preview:-1\" \/>\n<link rel=\"canonical\" href=\"https:\/\/specialimo.com\/fr\/2023\/10\/11\/porque-e-que-um-carro-com-motorista-e-o-derradeiro-luxo-para-um-evento-especial\/\" \/>\n<meta property=\"og:locale\" content=\"fr_FR\" \/>\n<meta property=\"og:type\" content=\"article\" \/>\n<meta property=\"og:title\" content=\"Porque \u00e9 que um carro com motorista \u00e9 o derradeiro luxo para um evento especial - Aluguer de carros e van com motorista - Specialimo\" \/>\n<meta property=\"og:description\" content=\"\u00c9 ineg\u00e1vel que chegar em grande estilo com um carro de luxo com motorista privado \u00e9 uma declara\u00e7\u00e3o de sofistica\u00e7\u00e3o. Quer se trate de um casamento, uma reuni\u00e3o de neg\u00f3cios ou outro evento especial, o transporte em que se chega \u00e9 t\u00e3o importante como o que se veste. E que melhor forma de fazer uma [&hellip;]\" \/>\n<meta property=\"og:url\" content=\"https:\/\/specialimo.com\/fr\/2023\/10\/11\/porque-e-que-um-carro-com-motorista-e-o-derradeiro-luxo-para-um-evento-especial\/\" \/>\n<meta property=\"og:site_name\" content=\"Aluguer de carros e van com motorista - Specialimo\" \/>\n<meta property=\"article:published_time\" content=\"2023-10-11T14:30:21+00:00\" \/>\n<meta property=\"article:modified_time\" content=\"2024-03-29T18:17:22+00:00\" \/>\n<meta property=\"og:image\" content=\"https:\/\/specialimo.com\/wp-content\/uploads\/2023\/10\/1_PorqueEQueUmCarroComMotoristaEODerradeiroLuxoParaUmaOcasiaoEspecial.jpg\" \/>\n\t<meta property=\"og:image:width\" content=\"1920\" \/>\n\t<meta property=\"og:image:height\" content=\"1080\" \/>\n\t<meta property=\"og:image:type\" content=\"image\/jpeg\" \/>\n<meta name=\"author\" content=\"adminspc\" \/>\n<meta name=\"twitter:card\" content=\"summary_large_image\" \/>\n<meta name=\"twitter:label1\" content=\"\u00c9crit par\" \/>\n\t<meta name=\"twitter:data1\" content=\"adminspc\" \/>\n\t<meta name=\"twitter:label2\" content=\"Dur\u00e9e de lecture estim\u00e9e\" \/>\n\t<meta name=\"twitter:data2\" content=\"4 minutes\" \/>\n<script type=\"application\/ld+json\" class=\"yoast-schema-graph\">{\"@context\":\"https:\\\/\\\/schema.org\",\"@graph\":[{\"@type\":\"Article\",\"@id\":\"https:\\\/\\\/specialimo.com\\\/2023\\\/10\\\/11\\\/porque-e-que-um-carro-com-motorista-e-o-derradeiro-luxo-para-um-evento-especial\\\/#article\",\"isPartOf\":{\"@id\":\"https:\\\/\\\/specialimo.com\\\/2023\\\/10\\\/11\\\/porque-e-que-um-carro-com-motorista-e-o-derradeiro-luxo-para-um-evento-especial\\\/\"},\"author\":{\"name\":\"adminspc\",\"@id\":\"https:\\\/\\\/specialimo.com\\\/#\\\/schema\\\/person\\\/ccddb6a0a6a9474417418b9019aa96f4\"},\"headline\":\"Porque \u00e9 que um carro com motorista \u00e9 o derradeiro luxo para um evento especial\",\"datePublished\":\"2023-10-11T14:30:21+00:00\",\"dateModified\":\"2024-03-29T18:17:22+00:00\",\"mainEntityOfPage\":{\"@id\":\"https:\\\/\\\/specialimo.com\\\/2023\\\/10\\\/11\\\/porque-e-que-um-carro-com-motorista-e-o-derradeiro-luxo-para-um-evento-especial\\\/\"},\"wordCount\":763,\"commentCount\":0,\"publisher\":{\"@id\":\"https:\\\/\\\/specialimo.com\\\/#organization\"},\"image\":{\"@id\":\"https:\\\/\\\/specialimo.com\\\/2023\\\/10\\\/11\\\/porque-e-que-um-carro-com-motorista-e-o-derradeiro-luxo-para-um-evento-especial\\\/#primaryimage\"},\"thumbnailUrl\":\"https:\\\/\\\/specialimo.com\\\/wp-content\\\/uploads\\\/2023\\\/10\\\/1_PorqueEQueUmCarroComMotoristaEODerradeiroLuxoParaUmaOcasiaoEspecial.jpg\",\"keywords\":[\"Carro com Motorista Privado\"],\"articleSection\":[\"Carro com Motorista Privado\"],\"inLanguage\":\"fr-FR\",\"potentialAction\":[{\"@type\":\"CommentAction\",\"name\":\"Comment\",\"target\":[\"https:\\\/\\\/specialimo.com\\\/2023\\\/10\\\/11\\\/porque-e-que-um-carro-com-motorista-e-o-derradeiro-luxo-para-um-evento-especial\\\/#respond\"]}]},{\"@type\":\"WebPage\",\"@id\":\"https:\\\/\\\/specialimo.com\\\/2023\\\/10\\\/11\\\/porque-e-que-um-carro-com-motorista-e-o-derradeiro-luxo-para-um-evento-especial\\\/\",\"url\":\"https:\\\/\\\/specialimo.com\\\/2023\\\/10\\\/11\\\/porque-e-que-um-carro-com-motorista-e-o-derradeiro-luxo-para-um-evento-especial\\\/\",\"name\":\"Porque \u00e9 que um carro com motorista \u00e9 o derradeiro luxo para um evento especial - Aluguer de carros e van com motorista - Specialimo\",\"isPartOf\":{\"@id\":\"https:\\\/\\\/specialimo.com\\\/#website\"},\"primaryImageOfPage\":{\"@id\":\"https:\\\/\\\/specialimo.com\\\/2023\\\/10\\\/11\\\/porque-e-que-um-carro-com-motorista-e-o-derradeiro-luxo-para-um-evento-especial\\\/#primaryimage\"},\"image\":{\"@id\":\"https:\\\/\\\/specialimo.com\\\/2023\\\/10\\\/11\\\/porque-e-que-um-carro-com-motorista-e-o-derradeiro-luxo-para-um-evento-especial\\\/#primaryimage\"},\"thumbnailUrl\":\"https:\\\/\\\/specialimo.com\\\/wp-content\\\/uploads\\\/2023\\\/10\\\/1_PorqueEQueUmCarroComMotoristaEODerradeiroLuxoParaUmaOcasiaoEspecial.jpg\",\"datePublished\":\"2023-10-11T14:30:21+00:00\",\"dateModified\":\"2024-03-29T18:17:22+00:00\",\"breadcrumb\":{\"@id\":\"https:\\\/\\\/specialimo.com\\\/2023\\\/10\\\/11\\\/porque-e-que-um-carro-com-motorista-e-o-derradeiro-luxo-para-um-evento-especial\\\/#breadcrumb\"},\"inLanguage\":\"fr-FR\",\"potentialAction\":[{\"@type\":\"ReadAction\",\"target\":[\"https:\\\/\\\/specialimo.com\\\/2023\\\/10\\\/11\\\/porque-e-que-um-carro-com-motorista-e-o-derradeiro-luxo-para-um-evento-especial\\\/\"]}]},{\"@type\":\"ImageObject\",\"inLanguage\":\"fr-FR\",\"@id\":\"https:\\\/\\\/specialimo.com\\\/2023\\\/10\\\/11\\\/porque-e-que-um-carro-com-motorista-e-o-derradeiro-luxo-para-um-evento-especial\\\/#primaryimage\",\"url\":\"https:\\\/\\\/specialimo.com\\\/wp-content\\\/uploads\\\/2023\\\/10\\\/1_PorqueEQueUmCarroComMotoristaEODerradeiroLuxoParaUmaOcasiaoEspecial.jpg\",\"contentUrl\":\"https:\\\/\\\/specialimo.com\\\/wp-content\\\/uploads\\\/2023\\\/10\\\/1_PorqueEQueUmCarroComMotoristaEODerradeiroLuxoParaUmaOcasiaoEspecial.jpg\",\"width\":1920,\"height\":1080},{\"@type\":\"BreadcrumbList\",\"@id\":\"https:\\\/\\\/specialimo.com\\\/2023\\\/10\\\/11\\\/porque-e-que-um-carro-com-motorista-e-o-derradeiro-luxo-para-um-evento-especial\\\/#breadcrumb\",\"itemListElement\":[{\"@type\":\"ListItem\",\"position\":1,\"name\":\"In\u00edcio\",\"item\":\"https:\\\/\\\/specialimo.com\\\/\"},{\"@type\":\"ListItem\",\"position\":2,\"name\":\"Porque \u00e9 que um carro com motorista \u00e9 o derradeiro luxo para um evento especial\"}]},{\"@type\":\"WebSite\",\"@id\":\"https:\\\/\\\/specialimo.com\\\/#website\",\"url\":\"https:\\\/\\\/specialimo.com\\\/\",\"name\":\"Aluguer de carros e van com motorista - Specialimo\",\"description\":\" Aluguer de carros, van, minibus e autocarro com motorista\",\"publisher\":{\"@id\":\"https:\\\/\\\/specialimo.com\\\/#organization\"},\"potentialAction\":[{\"@type\":\"SearchAction\",\"target\":{\"@type\":\"EntryPoint\",\"urlTemplate\":\"https:\\\/\\\/specialimo.com\\\/?s={search_term_string}\"},\"query-input\":{\"@type\":\"PropertyValueSpecification\",\"valueRequired\":true,\"valueName\":\"search_term_string\"}}],\"inLanguage\":\"fr-FR\"},{\"@type\":\"Organization\",\"@id\":\"https:\\\/\\\/specialimo.com\\\/#organization\",\"name\":\"Aluguer de carros e van com motorista - Specialimo\",\"url\":\"https:\\\/\\\/specialimo.com\\\/\",\"logo\":{\"@type\":\"ImageObject\",\"inLanguage\":\"fr-FR\",\"@id\":\"https:\\\/\\\/specialimo.com\\\/#\\\/schema\\\/logo\\\/image\\\/\",\"url\":\"https:\\\/\\\/specialimo.com\\\/wp-content\\\/uploads\\\/2023\\\/10\\\/logo.png\",\"contentUrl\":\"https:\\\/\\\/specialimo.com\\\/wp-content\\\/uploads\\\/2023\\\/10\\\/logo.png\",\"width\":422,\"height\":165,\"caption\":\"Aluguer de carros e van com motorista - Specialimo\"},\"image\":{\"@id\":\"https:\\\/\\\/specialimo.com\\\/#\\\/schema\\\/logo\\\/image\\\/\"}},{\"@type\":\"Person\",\"@id\":\"https:\\\/\\\/specialimo.com\\\/#\\\/schema\\\/person\\\/ccddb6a0a6a9474417418b9019aa96f4\",\"name\":\"adminspc\",\"image\":{\"@type\":\"ImageObject\",\"inLanguage\":\"fr-FR\",\"@id\":\"https:\\\/\\\/secure.gravatar.com\\\/avatar\\\/9fbc8ff784e4e02a67c011ca8fdb1c8b13303bc2fc7a62d4cf327bee4cbf7d64?s=96&d=mm&r=g\",\"url\":\"https:\\\/\\\/secure.gravatar.com\\\/avatar\\\/9fbc8ff784e4e02a67c011ca8fdb1c8b13303bc2fc7a62d4cf327bee4cbf7d64?s=96&d=mm&r=g\",\"contentUrl\":\"https:\\\/\\\/secure.gravatar.com\\\/avatar\\\/9fbc8ff784e4e02a67c011ca8fdb1c8b13303bc2fc7a62d4cf327bee4cbf7d64?s=96&d=mm&r=g\",\"caption\":\"adminspc\"},\"sameAs\":[\"https:\\\/\\\/specialimo.codetec.pt\"],\"url\":\"https:\\\/\\\/specialimo.com\\\/fr\\\/author\\\/adminspc\\\/\"}]}<\/script>\n<!-- \/ Yoast SEO plugin. -->","yoast_head_json":{"title":"Porque \u00e9 que um carro com motorista \u00e9 o derradeiro luxo para um evento especial - Aluguer de carros e van com motorista - Specialimo","robots":{"index":"index","follow":"follow","max-snippet":"max-snippet:-1","max-image-preview":"max-image-preview:large","max-video-preview":"max-video-preview:-1"},"canonical":"https:\/\/specialimo.com\/fr\/2023\/10\/11\/porque-e-que-um-carro-com-motorista-e-o-derradeiro-luxo-para-um-evento-especial\/","og_locale":"fr_FR","og_type":"article","og_title":"Porque \u00e9 que um carro com motorista \u00e9 o derradeiro luxo para um evento especial - Aluguer de carros e van com motorista - Specialimo","og_description":"\u00c9 ineg\u00e1vel que chegar em grande estilo com um carro de luxo com motorista privado \u00e9 uma declara\u00e7\u00e3o de sofistica\u00e7\u00e3o. Quer se trate de um casamento, uma reuni\u00e3o de neg\u00f3cios ou outro evento especial, o transporte em que se chega \u00e9 t\u00e3o importante como o que se veste. E que melhor forma de fazer uma [&hellip;]","og_url":"https:\/\/specialimo.com\/fr\/2023\/10\/11\/porque-e-que-um-carro-com-motorista-e-o-derradeiro-luxo-para-um-evento-especial\/","og_site_name":"Aluguer de carros e van com motorista - Specialimo","article_published_time":"2023-10-11T14:30:21+00:00","article_modified_time":"2024-03-29T18:17:22+00:00","og_image":[{"width":1920,"height":1080,"url":"https:\/\/specialimo.com\/wp-content\/uploads\/2023\/10\/1_PorqueEQueUmCarroComMotoristaEODerradeiroLuxoParaUmaOcasiaoEspecial.jpg","type":"image\/jpeg"}],"author":"adminspc","twitter_card":"summary_large_image","twitter_misc":{"\u00c9crit par":"adminspc","Dur\u00e9e de lecture estim\u00e9e":"4 minutes"},"schema":{"@context":"https:\/\/schema.org","@graph":[{"@type":"Article","@id":"https:\/\/specialimo.com\/2023\/10\/11\/porque-e-que-um-carro-com-motorista-e-o-derradeiro-luxo-para-um-evento-especial\/#article","isPartOf":{"@id":"https:\/\/specialimo.com\/2023\/10\/11\/porque-e-que-um-carro-com-motorista-e-o-derradeiro-luxo-para-um-evento-especial\/"},"author":{"name":"adminspc","@id":"https:\/\/specialimo.com\/#\/schema\/person\/ccddb6a0a6a9474417418b9019aa96f4"},"headline":"Porque \u00e9 que um carro com motorista \u00e9 o derradeiro luxo para um evento especial","datePublished":"2023-10-11T14:30:21+00:00","dateModified":"2024-03-29T18:17:22+00:00","mainEntityOfPage":{"@id":"https:\/\/specialimo.com\/2023\/10\/11\/porque-e-que-um-carro-com-motorista-e-o-derradeiro-luxo-para-um-evento-especial\/"},"wordCount":763,"commentCount":0,"publisher":{"@id":"https:\/\/specialimo.com\/#organization"},"image":{"@id":"https:\/\/specialimo.com\/2023\/10\/11\/porque-e-que-um-carro-com-motorista-e-o-derradeiro-luxo-para-um-evento-especial\/#primaryimage"},"thumbnailUrl":"https:\/\/specialimo.com\/wp-content\/uploads\/2023\/10\/1_PorqueEQueUmCarroComMotoristaEODerradeiroLuxoParaUmaOcasiaoEspecial.jpg","keywords":["Carro com Motorista Privado"],"articleSection":["Carro com Motorista Privado"],"inLanguage":"fr-FR","potentialAction":[{"@type":"CommentAction","name":"Comment","target":["https:\/\/specialimo.com\/2023\/10\/11\/porque-e-que-um-carro-com-motorista-e-o-derradeiro-luxo-para-um-evento-especial\/#respond"]}]},{"@type":"WebPage","@id":"https:\/\/specialimo.com\/2023\/10\/11\/porque-e-que-um-carro-com-motorista-e-o-derradeiro-luxo-para-um-evento-especial\/","url":"https:\/\/specialimo.com\/2023\/10\/11\/porque-e-que-um-carro-com-motorista-e-o-derradeiro-luxo-para-um-evento-especial\/","name":"Porque \u00e9 que um carro com motorista \u00e9 o derradeiro luxo para um evento especial - Aluguer de carros e van com motorista - Specialimo","isPartOf":{"@id":"https:\/\/specialimo.com\/#website"},"primaryImageOfPage":{"@id":"https:\/\/specialimo.com\/2023\/10\/11\/porque-e-que-um-carro-com-motorista-e-o-derradeiro-luxo-para-um-evento-especial\/#primaryimage"},"image":{"@id":"https:\/\/specialimo.com\/2023\/10\/11\/porque-e-que-um-carro-com-motorista-e-o-derradeiro-luxo-para-um-evento-especial\/#primaryimage"},"thumbnailUrl":"https:\/\/specialimo.com\/wp-content\/uploads\/2023\/10\/1_PorqueEQueUmCarroComMotoristaEODerradeiroLuxoParaUmaOcasiaoEspecial.jpg","datePublished":"2023-10-11T14:30:21+00:00","dateModified":"2024-03-29T18:17:22+00:00","breadcrumb":{"@id":"https:\/\/specialimo.com\/2023\/10\/11\/porque-e-que-um-carro-com-motorista-e-o-derradeiro-luxo-para-um-evento-especial\/#breadcrumb"},"inLanguage":"fr-FR","potentialAction":[{"@type":"ReadAction","target":["https:\/\/specialimo.com\/2023\/10\/11\/porque-e-que-um-carro-com-motorista-e-o-derradeiro-luxo-para-um-evento-especial\/"]}]},{"@type":"ImageObject","inLanguage":"fr-FR","@id":"https:\/\/specialimo.com\/2023\/10\/11\/porque-e-que-um-carro-com-motorista-e-o-derradeiro-luxo-para-um-evento-especial\/#primaryimage","url":"https:\/\/specialimo.com\/wp-content\/uploads\/2023\/10\/1_PorqueEQueUmCarroComMotoristaEODerradeiroLuxoParaUmaOcasiaoEspecial.jpg","contentUrl":"https:\/\/specialimo.com\/wp-content\/uploads\/2023\/10\/1_PorqueEQueUmCarroComMotoristaEODerradeiroLuxoParaUmaOcasiaoEspecial.jpg","width":1920,"height":1080},{"@type":"BreadcrumbList","@id":"https:\/\/specialimo.com\/2023\/10\/11\/porque-e-que-um-carro-com-motorista-e-o-derradeiro-luxo-para-um-evento-especial\/#breadcrumb","itemListElement":[{"@type":"ListItem","position":1,"name":"In\u00edcio","item":"https:\/\/specialimo.com\/"},{"@type":"ListItem","position":2,"name":"Porque \u00e9 que um carro com motorista \u00e9 o derradeiro luxo para um evento especial"}]},{"@type":"WebSite","@id":"https:\/\/specialimo.com\/#website","url":"https:\/\/specialimo.com\/","name":"Aluguer de carros e van com motorista - Specialimo","description":"Aluguer de carros, van, minibus e autocarro com motorista","publisher":{"@id":"https:\/\/specialimo.com\/#organization"},"potentialAction":[{"@type":"SearchAction","target":{"@type":"EntryPoint","urlTemplate":"https:\/\/specialimo.com\/?s={search_term_string}"},"query-input":{"@type":"PropertyValueSpecification","valueRequired":true,"valueName":"search_term_string"}}],"inLanguage":"fr-FR"},{"@type":"Organization","@id":"https:\/\/specialimo.com\/#organization","name":"Aluguer de carros e van com motorista - Specialimo","url":"https:\/\/specialimo.com\/","logo":{"@type":"ImageObject","inLanguage":"fr-FR","@id":"https:\/\/specialimo.com\/#\/schema\/logo\/image\/","url":"https:\/\/specialimo.com\/wp-content\/uploads\/2023\/10\/logo.png","contentUrl":"https:\/\/specialimo.com\/wp-content\/uploads\/2023\/10\/logo.png","width":422,"height":165,"caption":"Aluguer de carros e van com motorista - Specialimo"},"image":{"@id":"https:\/\/specialimo.com\/#\/schema\/logo\/image\/"}},{"@type":"Person","@id":"https:\/\/specialimo.com\/#\/schema\/person\/ccddb6a0a6a9474417418b9019aa96f4","name":"adminspc","image":{"@type":"ImageObject","inLanguage":"fr-FR","@id":"https:\/\/secure.gravatar.com\/avatar\/9fbc8ff784e4e02a67c011ca8fdb1c8b13303bc2fc7a62d4cf327bee4cbf7d64?s=96&d=mm&r=g","url":"https:\/\/secure.gravatar.com\/avatar\/9fbc8ff784e4e02a67c011ca8fdb1c8b13303bc2fc7a62d4cf327bee4cbf7d64?s=96&d=mm&r=g","contentUrl":"https:\/\/secure.gravatar.com\/avatar\/9fbc8ff784e4e02a67c011ca8fdb1c8b13303bc2fc7a62d4cf327bee4cbf7d64?s=96&d=mm&r=g","caption":"adminspc"},"sameAs":["https:\/\/specialimo.codetec.pt"],"url":"https:\/\/specialimo.com\/fr\/author\/adminspc\/"}]}},"_links":{"self":[{"href":"https:\/\/specialimo.com\/fr\/wp-json\/wp\/v2\/posts\/692","targetHints":{"allow":["GET"]}}],"collection":[{"href":"https:\/\/specialimo.com\/fr\/wp-json\/wp\/v2\/posts"}],"about":[{"href":"https:\/\/specialimo.com\/fr\/wp-json\/wp\/v2\/types\/post"}],"author":[{"embeddable":true,"href":"https:\/\/specialimo.com\/fr\/wp-json\/wp\/v2\/users\/1"}],"replies":[{"embeddable":true,"href":"https:\/\/specialimo.com\/fr\/wp-json\/wp\/v2\/comments?post=692"}],"version-history":[{"count":1,"href":"https:\/\/specialimo.com\/fr\/wp-json\/wp\/v2\/posts\/692\/revisions"}],"predecessor-version":[{"id":694,"href":"https:\/\/specialimo.com\/fr\/wp-json\/wp\/v2\/posts\/692\/revisions\/694"}],"wp:featuredmedia":[{"embeddable":true,"href":"https:\/\/specialimo.com\/fr\/wp-json\/wp\/v2\/media\/693"}],"wp:attachment":[{"href":"https:\/\/specialimo.com\/fr\/wp-json\/wp\/v2\/media?parent=692"}],"wp:term":[{"taxonomy":"category","embeddable":true,"href":"https:\/\/specialimo.com\/fr\/wp-json\/wp\/v2\/categories?post=692"},{"taxonomy":"post_tag","embeddable":true,"href":"https:\/\/specialimo.com\/fr\/wp-json\/wp\/v2\/tags?post=692"}],"curies":[{"name":"wp","href":"https:\/\/api.w.org\/{rel}","templated":true}]}}