{"id":695,"date":"2023-10-11T14:35:44","date_gmt":"2023-10-11T14:35:44","guid":{"rendered":"https:\/\/specialimo.codetec.pt\/?p=695"},"modified":"2024-08-01T23:50:53","modified_gmt":"2024-08-01T23:50:53","slug":"pastel-de-nata-saboreie-uma-delicia-tradicional-portuguesa","status":"publish","type":"post","link":"https:\/\/specialimo.com\/fr\/2023\/10\/11\/pastel-de-nata-saboreie-uma-delicia-tradicional-portuguesa\/","title":{"rendered":"Pastel de Nata \u00a0&#8211; Saboreie uma Del\u00edcia Tradicional Portuguesa"},"content":{"rendered":"<p>Quando se pensa em Portugal, a primeira coisa que vem \u00e0 mente de muita gente \u00e9 a sua deliciosa comida tradicional. Uma das iguarias portuguesas mais populares \u00e9 o <strong>Pastel de Nata<\/strong>, uma deliciosa tarte de creme envolta numa massa estaladi\u00e7a. Este <strong>doce tradicional portugu\u00eas<\/strong> \u00e9 uma iguaria que \u00e9 obrigat\u00f3rio provar numa visita Portugal, quer seja com um caf\u00e9 ou, se for Inverno, com um chocolate quente cremoso, para ter uma experi\u00eancia ainda mais indulgente.<\/p>\n\n\n\n<h2 class=\"wp-block-heading\"><strong>O que \u00e9 o Pastel de Nata?<\/strong><\/h2>\n\n\n\n<p>O <strong>Pastel de Nata<\/strong> \u00e9 um doce muito popular em Portugal e \u00e9 servida em muitos restaurantes, caf\u00e9s e padarias. A sua massa \u00e9 normalmente pequena e tem um exterior castanho dourado e estaladi\u00e7o. O recheio cremoso \u00e9 feito com gemas de ovo, a\u00e7\u00facar e canela, podendo tamb\u00e9m incluir raspa de lim\u00e3o. A combina\u00e7\u00e3o do creme e da massa folhada faz com que seja uma iguaria genuinamente \u00fanica e deliciosa.<\/p>\n\n\n\n<p>Pensa-se que a origem do <strong>Pastel de Nata<\/strong> remonta ao s\u00e9culo XVIII, no <strong>Mosteiro dos Jer\u00f3nimos<\/strong>. Diz-se que os monges do mosteiro utilizavam claras de ovo para amassar as suas roupas e que, para n\u00e3o desperdi\u00e7arem as gemas de ovo, criaram esta deliciosa torta de creme. A receita foi, ent\u00e3o, passada de gera\u00e7\u00e3o em gera\u00e7\u00e3o e acabou por se adaptar em diferentes regi\u00f5es de Portugal, levando \u00e0s muitas varia\u00e7\u00f5es regionais deste doce at\u00e9 aos nossos dias.<\/p>\n\n\n\n<h2 class=\"wp-block-heading\"><strong>A Hist\u00f3ria do Pastel de Nata<\/strong><\/h2>\n\n\n\n<p>A hist\u00f3ria do <strong>Pastel de Nata<\/strong> est\u00e1 intimamente ligada \u00e0 hist\u00f3ria e cultura portuguesa. Acredita-se que a receita teve origem no s\u00e9culo XVIII, no <strong>Mosteiro dos Jer\u00f3nimos<\/strong>. Os monges do mosteiro utilizavam claras de ovo para amassar as suas roupas e, para n\u00e3o desperdi\u00e7arem as gemas de ovo, criaram esta deliciosa torta de creme. A receita foi sendo passada de gera\u00e7\u00e3o em gera\u00e7\u00e3o at\u00e9 aos nossos dias.<\/p>\n\n\n\n<p>Este doce tornou-se muito popular no s\u00e9culo XIX, quando abriu em Lisboa a famosa pastelaria &#8220;Past\u00e9is de Bel\u00e9m&#8221;, que \u00e9 hoje uma das mais conhecidas em Portugal e que \u00e9 creditada como a respons\u00e1vel pela populariza\u00e7\u00e3o do <strong>Pastel de Nata<\/strong> em todo o pa\u00eds. Embora a receita seja um segredo bem guardado, a loja ainda hoje serve a vers\u00e3o original do doce.<\/p>\n\n\n\n<p>O <strong>Pastel de Nata<\/strong> tornou-se num s\u00edmbolo ic\u00f3nico de Portugal e \u00e9, hoje em dia, um dos preferidos tanto dos portugueses como dos turistas.<\/p>\n\n\n\n<h2 class=\"wp-block-heading\"><strong>Onde encontrar o Pastel de Nata em Portugal<\/strong><\/h2>\n\n\n\n<p>O <strong>Pastel de Nata<\/strong> pode ser encontrado em muitas padarias, caf\u00e9s e pastelarias em Portugal. O local mais famoso e popular para encontrar esta iguaria da <strong>pastelaria portuguesa<\/strong> \u00e9 nos &#8220;Past\u00e9is de Bel\u00e9m&#8221; em Lisboa, que \u00e9 o estabelecimento mais procurado pelos turistas que gostam de experimentar a do\u00e7aria local. Por isso, \u00e9 uma visita obrigat\u00f3ria para quem visita Lisboa.<\/p>\n\n\n\n<p>No entanto, o <strong>Pastel de Nata<\/strong> pode ser encontrado em muitos outros estabelecimentos em Portugal. No Norte de Portugal, este doce \u00e9 servido com um pouco de canela, enquanto no Sul, \u00e9 frequentemente servido com um pouco de a\u00e7\u00facar. Nas ilhas dos A\u00e7ores, o <strong>Pastel de Nata<\/strong> \u00e9 servido com uma cobertura de am\u00eandoa crocante. N\u00e3o importa onde se esteja em Portugal, \u00e9 poss\u00edvel encontrar uma vers\u00e3o deliciosa desta iguaria.<\/p>\n\n\n\n<h2 class=\"wp-block-heading\"><strong>Conclus\u00e3o<\/strong><\/h2>\n\n\n\n<p>O <strong>Pastel de Nata<\/strong> faz parte da <strong>pastelaria tradicional portuguesa<\/strong> e \u00e9 feito com um recheio de creme, normalmente aromatizado com canela e lim\u00e3o e colocado dentro de uma massa folhada em formato de concha. \u00c9 um doce muito popular em Portugal, onde \u00e9 servido em muitos restaurantes, caf\u00e9s e padarias. \u00c9 normalmente coberto com um polvilhado de a\u00e7\u00facar ou de canela e costuma ser servido quente. Quer esteja em Lisboa ou noutra zona do pa\u00eds, poder\u00e1 sempre saborear este <strong>doce tradicional portugu\u00eas<\/strong>. Desfrute!<\/p>","protected":false},"excerpt":{"rendered":"<p>Quando se pensa em Portugal, a primeira coisa que vem \u00e0 mente de muita gente \u00e9 a sua deliciosa comida tradicional. Uma das iguarias portuguesas mais populares \u00e9 o Pastel de Nata, uma deliciosa tarte de creme envolta numa massa estaladi\u00e7a. Este doce tradicional portugu\u00eas \u00e9 uma iguaria que \u00e9 obrigat\u00f3rio provar numa visita Portugal, [&hellip;]<\/p>","protected":false},"author":1,"featured_media":697,"comment_status":"open","ping_status":"open","sticky":false,"template":"","format":"standard","meta":{"_eb_attr":"","ocean_post_layout":"","ocean_both_sidebars_style":"","ocean_both_sidebars_content_width":0,"ocean_both_sidebars_sidebars_width":0,"ocean_sidebar":"","ocean_second_sidebar":"","ocean_disable_margins":"enable","ocean_add_body_class":"","ocean_shortcode_before_top_bar":"","ocean_shortcode_after_top_bar":"","ocean_shortcode_before_header":"","ocean_shortcode_after_header":"","ocean_has_shortcode":"","ocean_shortcode_after_title":"","ocean_shortcode_before_footer_widgets":"","ocean_shortcode_after_footer_widgets":"","ocean_shortcode_before_footer_bottom":"","ocean_shortcode_after_footer_bottom":"","ocean_display_top_bar":"default","ocean_display_header":"default","ocean_header_style":"","ocean_center_header_left_menu":"","ocean_custom_header_template":"","ocean_custom_logo":0,"ocean_custom_retina_logo":0,"ocean_custom_logo_max_width":0,"ocean_custom_logo_tablet_max_width":0,"ocean_custom_logo_mobile_max_width":0,"ocean_custom_logo_max_height":0,"ocean_custom_logo_tablet_max_height":0,"ocean_custom_logo_mobile_max_height":0,"ocean_header_custom_menu":"","ocean_menu_typo_font_family":"","ocean_menu_typo_font_subset":"","ocean_menu_typo_font_size":0,"ocean_menu_typo_font_size_tablet":0,"ocean_menu_typo_font_size_mobile":0,"ocean_menu_typo_font_size_unit":"px","ocean_menu_typo_font_weight":"","ocean_menu_typo_font_weight_tablet":"","ocean_menu_typo_font_weight_mobile":"","ocean_menu_typo_transform":"","ocean_menu_typo_transform_tablet":"","ocean_menu_typo_transform_mobile":"","ocean_menu_typo_line_height":0,"ocean_menu_typo_line_height_tablet":0,"ocean_menu_typo_line_height_mobile":0,"ocean_menu_typo_line_height_unit":"","ocean_menu_typo_spacing":0,"ocean_menu_typo_spacing_tablet":0,"ocean_menu_typo_spacing_mobile":0,"ocean_menu_typo_spacing_unit":"","ocean_menu_link_color":"","ocean_menu_link_color_hover":"","ocean_menu_link_color_active":"","ocean_menu_link_background":"","ocean_menu_link_hover_background":"","ocean_menu_link_active_background":"","ocean_menu_social_links_bg":"","ocean_menu_social_hover_links_bg":"","ocean_menu_social_links_color":"","ocean_menu_social_hover_links_color":"","ocean_disable_title":"default","ocean_disable_heading":"default","ocean_post_title":"","ocean_post_subheading":"","ocean_post_title_style":"","ocean_post_title_background_color":"","ocean_post_title_background":0,"ocean_post_title_bg_image_position":"","ocean_post_title_bg_image_attachment":"","ocean_post_title_bg_image_repeat":"","ocean_post_title_bg_image_size":"","ocean_post_title_height":0,"ocean_post_title_bg_overlay":0.5,"ocean_post_title_bg_overlay_color":"","ocean_disable_breadcrumbs":"default","ocean_breadcrumbs_color":"","ocean_breadcrumbs_separator_color":"","ocean_breadcrumbs_links_color":"","ocean_breadcrumbs_links_hover_color":"","ocean_display_footer_widgets":"default","ocean_display_footer_bottom":"default","ocean_custom_footer_template":"","_joinchat":[],"ocean_post_oembed":"","ocean_post_self_hosted_media":"","ocean_post_video_embed":"","ocean_link_format":"","ocean_link_format_target":"self","ocean_quote_format":"","ocean_quote_format_link":"post","ocean_gallery_link_images":"on","ocean_gallery_id":[],"footnotes":""},"categories":[10],"tags":[12,11,8,9],"class_list":["post-695","post","type-post","status-publish","format-standard","has-post-thumbnail","hentry","category-gastronomia","tag-doces-conventuais","tag-gastronomia","tag-lisboa","tag-portugal","entry","has-media"],"yoast_head":"<!-- This site is optimized with the Yoast SEO plugin v27.4 - https:\/\/yoast.com\/product\/yoast-seo-wordpress\/ -->\n<title>Pastel de Nata \u00a0- Saboreie uma Del\u00edcia Tradicional Portuguesa - Aluguer de carros e van com motorista - Specialimo<\/title>\n<meta name=\"robots\" content=\"index, follow, max-snippet:-1, max-image-preview:large, max-video-preview:-1\" \/>\n<link rel=\"canonical\" href=\"https:\/\/specialimo.com\/fr\/2023\/10\/11\/pastel-de-nata-saboreie-uma-delicia-tradicional-portuguesa\/\" \/>\n<meta property=\"og:locale\" content=\"fr_FR\" \/>\n<meta property=\"og:type\" content=\"article\" \/>\n<meta property=\"og:title\" content=\"Pastel de Nata \u00a0- Saboreie uma Del\u00edcia Tradicional Portuguesa - Aluguer de carros e van com motorista - Specialimo\" \/>\n<meta property=\"og:description\" content=\"Quando se pensa em Portugal, a primeira coisa que vem \u00e0 mente de muita gente \u00e9 a sua deliciosa comida tradicional. Uma das iguarias portuguesas mais populares \u00e9 o Pastel de Nata, uma deliciosa tarte de creme envolta numa massa estaladi\u00e7a. Este doce tradicional portugu\u00eas \u00e9 uma iguaria que \u00e9 obrigat\u00f3rio provar numa visita Portugal, [&hellip;]\" \/>\n<meta property=\"og:url\" content=\"https:\/\/specialimo.com\/fr\/2023\/10\/11\/pastel-de-nata-saboreie-uma-delicia-tradicional-portuguesa\/\" \/>\n<meta property=\"og:site_name\" content=\"Aluguer de carros e van com motorista - Specialimo\" \/>\n<meta property=\"article:published_time\" content=\"2023-10-11T14:35:44+00:00\" \/>\n<meta property=\"article:modified_time\" content=\"2024-08-01T23:50:53+00:00\" \/>\n<meta property=\"og:image\" content=\"https:\/\/specialimo.com\/wp-content\/uploads\/2023\/10\/2_PastelDeNataSaboreieUmaDeliciaTradicionalPortuguesa.jpg\" \/>\n\t<meta property=\"og:image:width\" content=\"1920\" \/>\n\t<meta property=\"og:image:height\" content=\"1080\" \/>\n\t<meta property=\"og:image:type\" content=\"image\/jpeg\" \/>\n<meta name=\"author\" content=\"adminspc\" \/>\n<meta name=\"twitter:card\" content=\"summary_large_image\" \/>\n<meta name=\"twitter:label1\" content=\"\u00c9crit par\" \/>\n\t<meta name=\"twitter:data1\" content=\"adminspc\" \/>\n\t<meta name=\"twitter:label2\" content=\"Dur\u00e9e de lecture estim\u00e9e\" \/>\n\t<meta name=\"twitter:data2\" content=\"4 minutes\" \/>\n<script type=\"application\/ld+json\" class=\"yoast-schema-graph\">{\"@context\":\"https:\\\/\\\/schema.org\",\"@graph\":[{\"@type\":\"Article\",\"@id\":\"https:\\\/\\\/specialimo.com\\\/2023\\\/10\\\/11\\\/pastel-de-nata-saboreie-uma-delicia-tradicional-portuguesa\\\/#article\",\"isPartOf\":{\"@id\":\"https:\\\/\\\/specialimo.com\\\/2023\\\/10\\\/11\\\/pastel-de-nata-saboreie-uma-delicia-tradicional-portuguesa\\\/\"},\"author\":{\"name\":\"adminspc\",\"@id\":\"https:\\\/\\\/specialimo.com\\\/#\\\/schema\\\/person\\\/ccddb6a0a6a9474417418b9019aa96f4\"},\"headline\":\"Pastel de Nata \u00a0&#8211; Saboreie uma Del\u00edcia Tradicional Portuguesa\",\"datePublished\":\"2023-10-11T14:35:44+00:00\",\"dateModified\":\"2024-08-01T23:50:53+00:00\",\"mainEntityOfPage\":{\"@id\":\"https:\\\/\\\/specialimo.com\\\/2023\\\/10\\\/11\\\/pastel-de-nata-saboreie-uma-delicia-tradicional-portuguesa\\\/\"},\"wordCount\":650,\"commentCount\":0,\"publisher\":{\"@id\":\"https:\\\/\\\/specialimo.com\\\/#organization\"},\"image\":{\"@id\":\"https:\\\/\\\/specialimo.com\\\/2023\\\/10\\\/11\\\/pastel-de-nata-saboreie-uma-delicia-tradicional-portuguesa\\\/#primaryimage\"},\"thumbnailUrl\":\"https:\\\/\\\/specialimo.com\\\/wp-content\\\/uploads\\\/2023\\\/10\\\/2_PastelDeNataSaboreieUmaDeliciaTradicionalPortuguesa.jpg\",\"keywords\":[\"Doces Conventuais\",\"Gastronomia\",\"Lisboa\",\"Portugal\"],\"articleSection\":[\"Gastronomia\"],\"inLanguage\":\"fr-FR\",\"potentialAction\":[{\"@type\":\"CommentAction\",\"name\":\"Comment\",\"target\":[\"https:\\\/\\\/specialimo.com\\\/2023\\\/10\\\/11\\\/pastel-de-nata-saboreie-uma-delicia-tradicional-portuguesa\\\/#respond\"]}]},{\"@type\":\"WebPage\",\"@id\":\"https:\\\/\\\/specialimo.com\\\/2023\\\/10\\\/11\\\/pastel-de-nata-saboreie-uma-delicia-tradicional-portuguesa\\\/\",\"url\":\"https:\\\/\\\/specialimo.com\\\/2023\\\/10\\\/11\\\/pastel-de-nata-saboreie-uma-delicia-tradicional-portuguesa\\\/\",\"name\":\"Pastel de Nata \u00a0- Saboreie uma Del\u00edcia Tradicional Portuguesa - Aluguer de carros e van com motorista - Specialimo\",\"isPartOf\":{\"@id\":\"https:\\\/\\\/specialimo.com\\\/#website\"},\"primaryImageOfPage\":{\"@id\":\"https:\\\/\\\/specialimo.com\\\/2023\\\/10\\\/11\\\/pastel-de-nata-saboreie-uma-delicia-tradicional-portuguesa\\\/#primaryimage\"},\"image\":{\"@id\":\"https:\\\/\\\/specialimo.com\\\/2023\\\/10\\\/11\\\/pastel-de-nata-saboreie-uma-delicia-tradicional-portuguesa\\\/#primaryimage\"},\"thumbnailUrl\":\"https:\\\/\\\/specialimo.com\\\/wp-content\\\/uploads\\\/2023\\\/10\\\/2_PastelDeNataSaboreieUmaDeliciaTradicionalPortuguesa.jpg\",\"datePublished\":\"2023-10-11T14:35:44+00:00\",\"dateModified\":\"2024-08-01T23:50:53+00:00\",\"breadcrumb\":{\"@id\":\"https:\\\/\\\/specialimo.com\\\/2023\\\/10\\\/11\\\/pastel-de-nata-saboreie-uma-delicia-tradicional-portuguesa\\\/#breadcrumb\"},\"inLanguage\":\"fr-FR\",\"potentialAction\":[{\"@type\":\"ReadAction\",\"target\":[\"https:\\\/\\\/specialimo.com\\\/2023\\\/10\\\/11\\\/pastel-de-nata-saboreie-uma-delicia-tradicional-portuguesa\\\/\"]}]},{\"@type\":\"ImageObject\",\"inLanguage\":\"fr-FR\",\"@id\":\"https:\\\/\\\/specialimo.com\\\/2023\\\/10\\\/11\\\/pastel-de-nata-saboreie-uma-delicia-tradicional-portuguesa\\\/#primaryimage\",\"url\":\"https:\\\/\\\/specialimo.com\\\/wp-content\\\/uploads\\\/2023\\\/10\\\/2_PastelDeNataSaboreieUmaDeliciaTradicionalPortuguesa.jpg\",\"contentUrl\":\"https:\\\/\\\/specialimo.com\\\/wp-content\\\/uploads\\\/2023\\\/10\\\/2_PastelDeNataSaboreieUmaDeliciaTradicionalPortuguesa.jpg\",\"width\":1920,\"height\":1080},{\"@type\":\"BreadcrumbList\",\"@id\":\"https:\\\/\\\/specialimo.com\\\/2023\\\/10\\\/11\\\/pastel-de-nata-saboreie-uma-delicia-tradicional-portuguesa\\\/#breadcrumb\",\"itemListElement\":[{\"@type\":\"ListItem\",\"position\":1,\"name\":\"In\u00edcio\",\"item\":\"https:\\\/\\\/specialimo.com\\\/\"},{\"@type\":\"ListItem\",\"position\":2,\"name\":\"Pastel de Nata \u00a0&#8211; Saboreie uma Del\u00edcia Tradicional Portuguesa\"}]},{\"@type\":\"WebSite\",\"@id\":\"https:\\\/\\\/specialimo.com\\\/#website\",\"url\":\"https:\\\/\\\/specialimo.com\\\/\",\"name\":\"Aluguer de carros e van com motorista - Specialimo\",\"description\":\" Aluguer de carros, van, minibus e autocarro com motorista\",\"publisher\":{\"@id\":\"https:\\\/\\\/specialimo.com\\\/#organization\"},\"potentialAction\":[{\"@type\":\"SearchAction\",\"target\":{\"@type\":\"EntryPoint\",\"urlTemplate\":\"https:\\\/\\\/specialimo.com\\\/?s={search_term_string}\"},\"query-input\":{\"@type\":\"PropertyValueSpecification\",\"valueRequired\":true,\"valueName\":\"search_term_string\"}}],\"inLanguage\":\"fr-FR\"},{\"@type\":\"Organization\",\"@id\":\"https:\\\/\\\/specialimo.com\\\/#organization\",\"name\":\"Aluguer de carros e van com motorista - Specialimo\",\"url\":\"https:\\\/\\\/specialimo.com\\\/\",\"logo\":{\"@type\":\"ImageObject\",\"inLanguage\":\"fr-FR\",\"@id\":\"https:\\\/\\\/specialimo.com\\\/#\\\/schema\\\/logo\\\/image\\\/\",\"url\":\"https:\\\/\\\/specialimo.com\\\/wp-content\\\/uploads\\\/2023\\\/10\\\/logo.png\",\"contentUrl\":\"https:\\\/\\\/specialimo.com\\\/wp-content\\\/uploads\\\/2023\\\/10\\\/logo.png\",\"width\":422,\"height\":165,\"caption\":\"Aluguer de carros e van com motorista - Specialimo\"},\"image\":{\"@id\":\"https:\\\/\\\/specialimo.com\\\/#\\\/schema\\\/logo\\\/image\\\/\"}},{\"@type\":\"Person\",\"@id\":\"https:\\\/\\\/specialimo.com\\\/#\\\/schema\\\/person\\\/ccddb6a0a6a9474417418b9019aa96f4\",\"name\":\"adminspc\",\"image\":{\"@type\":\"ImageObject\",\"inLanguage\":\"fr-FR\",\"@id\":\"https:\\\/\\\/secure.gravatar.com\\\/avatar\\\/9fbc8ff784e4e02a67c011ca8fdb1c8b13303bc2fc7a62d4cf327bee4cbf7d64?s=96&d=mm&r=g\",\"url\":\"https:\\\/\\\/secure.gravatar.com\\\/avatar\\\/9fbc8ff784e4e02a67c011ca8fdb1c8b13303bc2fc7a62d4cf327bee4cbf7d64?s=96&d=mm&r=g\",\"contentUrl\":\"https:\\\/\\\/secure.gravatar.com\\\/avatar\\\/9fbc8ff784e4e02a67c011ca8fdb1c8b13303bc2fc7a62d4cf327bee4cbf7d64?s=96&d=mm&r=g\",\"caption\":\"adminspc\"},\"sameAs\":[\"https:\\\/\\\/specialimo.codetec.pt\"],\"url\":\"https:\\\/\\\/specialimo.com\\\/fr\\\/author\\\/adminspc\\\/\"}]}<\/script>\n<!-- \/ Yoast SEO plugin. -->","yoast_head_json":{"title":"Pastel de Nata \u00a0- Saboreie uma Del\u00edcia Tradicional Portuguesa - Aluguer de carros e van com motorista - Specialimo","robots":{"index":"index","follow":"follow","max-snippet":"max-snippet:-1","max-image-preview":"max-image-preview:large","max-video-preview":"max-video-preview:-1"},"canonical":"https:\/\/specialimo.com\/fr\/2023\/10\/11\/pastel-de-nata-saboreie-uma-delicia-tradicional-portuguesa\/","og_locale":"fr_FR","og_type":"article","og_title":"Pastel de Nata \u00a0- Saboreie uma Del\u00edcia Tradicional Portuguesa - Aluguer de carros e van com motorista - Specialimo","og_description":"Quando se pensa em Portugal, a primeira coisa que vem \u00e0 mente de muita gente \u00e9 a sua deliciosa comida tradicional. Uma das iguarias portuguesas mais populares \u00e9 o Pastel de Nata, uma deliciosa tarte de creme envolta numa massa estaladi\u00e7a. Este doce tradicional portugu\u00eas \u00e9 uma iguaria que \u00e9 obrigat\u00f3rio provar numa visita Portugal, [&hellip;]","og_url":"https:\/\/specialimo.com\/fr\/2023\/10\/11\/pastel-de-nata-saboreie-uma-delicia-tradicional-portuguesa\/","og_site_name":"Aluguer de carros e van com motorista - Specialimo","article_published_time":"2023-10-11T14:35:44+00:00","article_modified_time":"2024-08-01T23:50:53+00:00","og_image":[{"width":1920,"height":1080,"url":"https:\/\/specialimo.com\/wp-content\/uploads\/2023\/10\/2_PastelDeNataSaboreieUmaDeliciaTradicionalPortuguesa.jpg","type":"image\/jpeg"}],"author":"adminspc","twitter_card":"summary_large_image","twitter_misc":{"\u00c9crit par":"adminspc","Dur\u00e9e de lecture estim\u00e9e":"4 minutes"},"schema":{"@context":"https:\/\/schema.org","@graph":[{"@type":"Article","@id":"https:\/\/specialimo.com\/2023\/10\/11\/pastel-de-nata-saboreie-uma-delicia-tradicional-portuguesa\/#article","isPartOf":{"@id":"https:\/\/specialimo.com\/2023\/10\/11\/pastel-de-nata-saboreie-uma-delicia-tradicional-portuguesa\/"},"author":{"name":"adminspc","@id":"https:\/\/specialimo.com\/#\/schema\/person\/ccddb6a0a6a9474417418b9019aa96f4"},"headline":"Pastel de Nata \u00a0&#8211; Saboreie uma Del\u00edcia Tradicional Portuguesa","datePublished":"2023-10-11T14:35:44+00:00","dateModified":"2024-08-01T23:50:53+00:00","mainEntityOfPage":{"@id":"https:\/\/specialimo.com\/2023\/10\/11\/pastel-de-nata-saboreie-uma-delicia-tradicional-portuguesa\/"},"wordCount":650,"commentCount":0,"publisher":{"@id":"https:\/\/specialimo.com\/#organization"},"image":{"@id":"https:\/\/specialimo.com\/2023\/10\/11\/pastel-de-nata-saboreie-uma-delicia-tradicional-portuguesa\/#primaryimage"},"thumbnailUrl":"https:\/\/specialimo.com\/wp-content\/uploads\/2023\/10\/2_PastelDeNataSaboreieUmaDeliciaTradicionalPortuguesa.jpg","keywords":["Doces Conventuais","Gastronomia","Lisboa","Portugal"],"articleSection":["Gastronomia"],"inLanguage":"fr-FR","potentialAction":[{"@type":"CommentAction","name":"Comment","target":["https:\/\/specialimo.com\/2023\/10\/11\/pastel-de-nata-saboreie-uma-delicia-tradicional-portuguesa\/#respond"]}]},{"@type":"WebPage","@id":"https:\/\/specialimo.com\/2023\/10\/11\/pastel-de-nata-saboreie-uma-delicia-tradicional-portuguesa\/","url":"https:\/\/specialimo.com\/2023\/10\/11\/pastel-de-nata-saboreie-uma-delicia-tradicional-portuguesa\/","name":"Pastel de Nata \u00a0- Saboreie uma Del\u00edcia Tradicional Portuguesa - Aluguer de carros e van com motorista - Specialimo","isPartOf":{"@id":"https:\/\/specialimo.com\/#website"},"primaryImageOfPage":{"@id":"https:\/\/specialimo.com\/2023\/10\/11\/pastel-de-nata-saboreie-uma-delicia-tradicional-portuguesa\/#primaryimage"},"image":{"@id":"https:\/\/specialimo.com\/2023\/10\/11\/pastel-de-nata-saboreie-uma-delicia-tradicional-portuguesa\/#primaryimage"},"thumbnailUrl":"https:\/\/specialimo.com\/wp-content\/uploads\/2023\/10\/2_PastelDeNataSaboreieUmaDeliciaTradicionalPortuguesa.jpg","datePublished":"2023-10-11T14:35:44+00:00","dateModified":"2024-08-01T23:50:53+00:00","breadcrumb":{"@id":"https:\/\/specialimo.com\/2023\/10\/11\/pastel-de-nata-saboreie-uma-delicia-tradicional-portuguesa\/#breadcrumb"},"inLanguage":"fr-FR","potentialAction":[{"@type":"ReadAction","target":["https:\/\/specialimo.com\/2023\/10\/11\/pastel-de-nata-saboreie-uma-delicia-tradicional-portuguesa\/"]}]},{"@type":"ImageObject","inLanguage":"fr-FR","@id":"https:\/\/specialimo.com\/2023\/10\/11\/pastel-de-nata-saboreie-uma-delicia-tradicional-portuguesa\/#primaryimage","url":"https:\/\/specialimo.com\/wp-content\/uploads\/2023\/10\/2_PastelDeNataSaboreieUmaDeliciaTradicionalPortuguesa.jpg","contentUrl":"https:\/\/specialimo.com\/wp-content\/uploads\/2023\/10\/2_PastelDeNataSaboreieUmaDeliciaTradicionalPortuguesa.jpg","width":1920,"height":1080},{"@type":"BreadcrumbList","@id":"https:\/\/specialimo.com\/2023\/10\/11\/pastel-de-nata-saboreie-uma-delicia-tradicional-portuguesa\/#breadcrumb","itemListElement":[{"@type":"ListItem","position":1,"name":"In\u00edcio","item":"https:\/\/specialimo.com\/"},{"@type":"ListItem","position":2,"name":"Pastel de Nata \u00a0&#8211; Saboreie uma Del\u00edcia Tradicional Portuguesa"}]},{"@type":"WebSite","@id":"https:\/\/specialimo.com\/#website","url":"https:\/\/specialimo.com\/","name":"Aluguer de carros e van com motorista - Specialimo","description":"Aluguer de carros, van, minibus e autocarro com motorista","publisher":{"@id":"https:\/\/specialimo.com\/#organization"},"potentialAction":[{"@type":"SearchAction","target":{"@type":"EntryPoint","urlTemplate":"https:\/\/specialimo.com\/?s={search_term_string}"},"query-input":{"@type":"PropertyValueSpecification","valueRequired":true,"valueName":"search_term_string"}}],"inLanguage":"fr-FR"},{"@type":"Organization","@id":"https:\/\/specialimo.com\/#organization","name":"Aluguer de carros e van com motorista - Specialimo","url":"https:\/\/specialimo.com\/","logo":{"@type":"ImageObject","inLanguage":"fr-FR","@id":"https:\/\/specialimo.com\/#\/schema\/logo\/image\/","url":"https:\/\/specialimo.com\/wp-content\/uploads\/2023\/10\/logo.png","contentUrl":"https:\/\/specialimo.com\/wp-content\/uploads\/2023\/10\/logo.png","width":422,"height":165,"caption":"Aluguer de carros e van com motorista - Specialimo"},"image":{"@id":"https:\/\/specialimo.com\/#\/schema\/logo\/image\/"}},{"@type":"Person","@id":"https:\/\/specialimo.com\/#\/schema\/person\/ccddb6a0a6a9474417418b9019aa96f4","name":"adminspc","image":{"@type":"ImageObject","inLanguage":"fr-FR","@id":"https:\/\/secure.gravatar.com\/avatar\/9fbc8ff784e4e02a67c011ca8fdb1c8b13303bc2fc7a62d4cf327bee4cbf7d64?s=96&d=mm&r=g","url":"https:\/\/secure.gravatar.com\/avatar\/9fbc8ff784e4e02a67c011ca8fdb1c8b13303bc2fc7a62d4cf327bee4cbf7d64?s=96&d=mm&r=g","contentUrl":"https:\/\/secure.gravatar.com\/avatar\/9fbc8ff784e4e02a67c011ca8fdb1c8b13303bc2fc7a62d4cf327bee4cbf7d64?s=96&d=mm&r=g","caption":"adminspc"},"sameAs":["https:\/\/specialimo.codetec.pt"],"url":"https:\/\/specialimo.com\/fr\/author\/adminspc\/"}]}},"_links":{"self":[{"href":"https:\/\/specialimo.com\/fr\/wp-json\/wp\/v2\/posts\/695","targetHints":{"allow":["GET"]}}],"collection":[{"href":"https:\/\/specialimo.com\/fr\/wp-json\/wp\/v2\/posts"}],"about":[{"href":"https:\/\/specialimo.com\/fr\/wp-json\/wp\/v2\/types\/post"}],"author":[{"embeddable":true,"href":"https:\/\/specialimo.com\/fr\/wp-json\/wp\/v2\/users\/1"}],"replies":[{"embeddable":true,"href":"https:\/\/specialimo.com\/fr\/wp-json\/wp\/v2\/comments?post=695"}],"version-history":[{"count":2,"href":"https:\/\/specialimo.com\/fr\/wp-json\/wp\/v2\/posts\/695\/revisions"}],"predecessor-version":[{"id":3885,"href":"https:\/\/specialimo.com\/fr\/wp-json\/wp\/v2\/posts\/695\/revisions\/3885"}],"wp:featuredmedia":[{"embeddable":true,"href":"https:\/\/specialimo.com\/fr\/wp-json\/wp\/v2\/media\/697"}],"wp:attachment":[{"href":"https:\/\/specialimo.com\/fr\/wp-json\/wp\/v2\/media?parent=695"}],"wp:term":[{"taxonomy":"category","embeddable":true,"href":"https:\/\/specialimo.com\/fr\/wp-json\/wp\/v2\/categories?post=695"},{"taxonomy":"post_tag","embeddable":true,"href":"https:\/\/specialimo.com\/fr\/wp-json\/wp\/v2\/tags?post=695"}],"curies":[{"name":"wp","href":"https:\/\/api.w.org\/{rel}","templated":true}]}}